{"id":65035,"date":"2026-03-13T15:15:46","date_gmt":"2026-03-13T19:15:46","guid":{"rendered":"https:\/\/www.radiosanctispiritus.cu\/es\/?p=65035"},"modified":"2026-03-13T15:24:14","modified_gmt":"2026-03-13T19:24:14","slug":"ustedes-son-parte-de-mi-familia","status":"publish","type":"post","link":"https:\/\/www.radiosanctispiritus.cu\/es\/ustedes-son-parte-de-mi-familia\/","title":{"rendered":"\u00abUstedes son parte de mi familia\u00bb"},"content":{"rendered":"<p>As\u00ed de cercanos siente Onelia C\u00e1ceres a los que realizan los programas que habitualmente escucha por Radio Sancti Sp\u00edritus. Voces amigas que entran a su casa para acompa\u00f1ar sus d\u00edas y motivarla a participar y solicitar m\u00fasica. Las vivencias de una abuela que se siente muy vital en \u00abDial 80\u00bb, el podcast de Yaikel Arias que celebra a los oyentes fieles de una emisora \u00abcontempor\u00e1nea en su tradici\u00f3n\u00bb.<\/p>\n<p><iframe src=\"https:\/\/www.ivoox.com\/player_ej_170091369_6_1.html?c1=8c1414\" width=\"100%\" height=\"200\" frameborder=\"0\" scrolling=\"no\" allowfullscreen=\"allowfullscreen\"><\/iframe><\/p>\n","protected":false},"excerpt":{"rendered":"<p>As\u00ed de cercanos siente Onelia C\u00e1ceres a los que realizan los programas que habitualmente escucha por Radio Sancti Sp\u00edritus. Voces amigas que entran a su casa para acompa\u00f1ar sus d\u00edas y motivarla a participar y solicitar m\u00fasica.<\/p>\n","protected":false},"author":4,"featured_media":65038,"comment_status":"open","ping_status":"open","sticky":false,"template":"","format":"audio","meta":{"_acf_changed":false,"footnotes":""},"categories":[1145,1972],"tags":[],"coauthors":[1883],"class_list":["post-65035","post","type-post","status-publish","format-audio","has-post-thumbnail","hentry","category-podcast","category-dial-80","post_format-post-format-audio"],"acf":[],"_links":{"self":[{"href":"https:\/\/www.radiosanctispiritus.cu\/es\/wp-json\/wp\/v2\/posts\/65035","targetHints":{"allow":["GET"]}}],"collection":[{"href":"https:\/\/www.radiosanctispiritus.cu\/es\/wp-json\/wp\/v2\/posts"}],"about":[{"href":"https:\/\/www.radiosanctispiritus.cu\/es\/wp-json\/wp\/v2\/types\/post"}],"author":[{"embeddable":true,"href":"https:\/\/www.radiosanctispiritus.cu\/es\/wp-json\/wp\/v2\/users\/4"}],"replies":[{"embeddable":true,"href":"https:\/\/www.radiosanctispiritus.cu\/es\/wp-json\/wp\/v2\/comments?post=65035"}],"version-history":[{"count":1,"href":"https:\/\/www.radiosanctispiritus.cu\/es\/wp-json\/wp\/v2\/posts\/65035\/revisions"}],"predecessor-version":[{"id":65037,"href":"https:\/\/www.radiosanctispiritus.cu\/es\/wp-json\/wp\/v2\/posts\/65035\/revisions\/65037"}],"wp:featuredmedia":[{"embeddable":true,"href":"https:\/\/www.radiosanctispiritus.cu\/es\/wp-json\/wp\/v2\/media\/65038"}],"wp:attachment":[{"href":"https:\/\/www.radiosanctispiritus.cu\/es\/wp-json\/wp\/v2\/media?parent=65035"}],"wp:term":[{"taxonomy":"category","embeddable":true,"href":"https:\/\/www.radiosanctispiritus.cu\/es\/wp-json\/wp\/v2\/categories?post=65035"},{"taxonomy":"post_tag","embeddable":true,"href":"https:\/\/www.radiosanctispiritus.cu\/es\/wp-json\/wp\/v2\/tags?post=65035"},{"taxonomy":"author","embeddable":true,"href":"https:\/\/www.radiosanctispiritus.cu\/es\/wp-json\/wp\/v2\/coauthors?post=65035"}],"curies":[{"name":"wp","href":"https:\/\/api.w.org\/{rel}","templated":true}]}}