{"id":64968,"date":"2026-03-13T07:28:21","date_gmt":"2026-03-13T11:28:21","guid":{"rendered":"https:\/\/www.radiosanctispiritus.cu\/es\/?p=64968"},"modified":"2026-03-14T06:15:49","modified_gmt":"2026-03-14T10:15:49","slug":"presidente-cubano-miguel-diaz-canel-bermudez-comparecere-ante-los-medios-este-viernes-13-de-marzo","status":"publish","type":"post","link":"https:\/\/www.radiosanctispiritus.cu\/es\/presidente-cubano-miguel-diaz-canel-bermudez-comparecere-ante-los-medios-este-viernes-13-de-marzo\/","title":{"rendered":"Presidente cubano, Miguel D\u00edaz-Canel Berm\u00fadez, comparece ante medios de prensa"},"content":{"rendered":"<p>El Primer Secretario del Comit\u00e9 Central del Partido Comunista y Presidente de la Rep\u00fablica, Miguel D\u00edaz-Canel Berm\u00fadez, compareci\u00f3 ante los medios este viernes 13 de marzo de 2026, a partir de las 7:30 a.m., para abordar asuntos del acontecer nacional e internacional.<\/p>\n<p><iframe title=\"YouTube video player\" src=\"https:\/\/www.youtube.com\/embed\/czebjNWnhYo?si=Ii3XXl7IZQ7JKIol\" width=\"560\" height=\"315\" frameborder=\"0\" allowfullscreen=\"allowfullscreen\"><\/iframe><\/p>\n<p class=\"ds-markdown-paragraph\">Durante su intervenci\u00f3n, transmitida en cadena nacional de radio y televisi\u00f3n, D\u00edaz-Canel confirm\u00f3 que <strong>funcionarios cubanos han sostenido \u00abrecientemente conversaciones con representantes del gobierno de los Estados Unidos\u00bb<\/strong>. El mandatario explic\u00f3 que estos intercambios se enmarcan en la \u00abpol\u00edtica consistente que ha defendido la Revoluci\u00f3n Cubana\u00bb y se realizan bajo la direcci\u00f3n del General de Ej\u00e9rcito Ra\u00fal Castro, de \u00e9l mismo y de las m\u00e1ximas estructuras del Partido, el Estado y el Gobierno.<\/p>\n<p class=\"ds-markdown-paragraph\">El jefe de Estado detall\u00f3 que el objetivo de estas conversaciones es triple: en primer lugar, \u00abidentificar cu\u00e1les son los problemas bilaterales que necesitan una soluci\u00f3n\u00bb. En segundo t\u00e9rmino, \u00abdeterminar la disposici\u00f3n de ambas partes de concretar acciones en beneficio de los pueblos de ambos pa\u00edses\u00bb. Y por \u00faltimo, \u00abidentificar \u00e1reas de cooperaci\u00f3n para enfrentar las amenazas y garantizar la seguridad y la paz de ambas naciones\u00bb, as\u00ed como en la regi\u00f3n de Am\u00e9rica Latina y el Caribe. D\u00edaz-Canel subray\u00f3 que estos intercambios se desarrollan en un contexto internacional que ha facilitado el acercamiento.<\/p>\n<p class=\"ds-markdown-paragraph\">En su mensaje, D\u00edaz-Canel fue enf\u00e1tico al se\u00f1alar que <strong>la parte cubana ha expresado su voluntad de llevar adelante este proceso \u00absobre bases de igualdad y respeto a los sistemas pol\u00edticos de ambos Estados, a la soberan\u00eda, y a la autodeterminaci\u00f3n de nuestros gobiernos\u00bb<\/strong>, con apego al Derecho Internacional y un sentido de reciprocidad.<\/p>\n<p class=\"ds-markdown-paragraph\">El presidente cubano calific\u00f3 el tema como un \u00abproceso muy sensible, que se conduce con seriedad y responsabilidad porque afecta los v\u00ednculos bilaterales entre las dos naciones\u00bb, y justific\u00f3 as\u00ed que el liderazgo de la Revoluci\u00f3n no haya respondido previamente a \u00abcampa\u00f1as especulativas\u00bb sobre estos contactos, en alusi\u00f3n a reportes de prensa que anticipaban las negociaciones.<\/p>\n<p class=\"ds-markdown-paragraph\">Record\u00f3 que, hist\u00f3ricamente, en momentos de tensi\u00f3n con Estados Unidos han surgido personas o instituciones que facilitan canales de di\u00e1logo, y que en la coyuntura actual tambi\u00e9n se han presentado esas posibilidades para crear espacios de entendimiento.<\/p>\n<p><img decoding=\"async\" class=\"size-medium wp-image-64984 aligncenter\" src=\"https:\/\/www.radiosanctispiritus.cu\/es\/wp-content\/uploads\/Comparecencia-ante-la-prensa-1-600x750.png\" alt=\"\" width=\"600\" height=\"750\" srcset=\"https:\/\/www.radiosanctispiritus.cu\/es\/wp-content\/uploads\/Comparecencia-ante-la-prensa-1-600x750.png 600w, https:\/\/www.radiosanctispiritus.cu\/es\/wp-content\/uploads\/Comparecencia-ante-la-prensa-1-819x1024.png 819w, https:\/\/www.radiosanctispiritus.cu\/es\/wp-content\/uploads\/Comparecencia-ante-la-prensa-1-768x960.png 768w, https:\/\/www.radiosanctispiritus.cu\/es\/wp-content\/uploads\/Comparecencia-ante-la-prensa-1.png 1080w\" sizes=\"(max-width: 600px) 100vw, 600px\" \/><\/p>\n<p>Asimismo, profundiz\u00f3 en la cr\u00edtica situaci\u00f3n energ\u00e9tica que enfrenta la isla, se\u00f1alando que <strong>\u00abhace tres meses que no entra energ\u00eda al pa\u00eds\u00bb<\/strong> proveniente de fuentes externas. El mandatario explic\u00f3 que, ante esta coyuntura, el Sistema Electroenerg\u00e9tico Nacional se sostiene con la generaci\u00f3n propia: \u00abgeneramos energ\u00eda con crudo nacional, termoel\u00e9ctricas y fuentes renovables\u00bb.<\/p>\n<p>D\u00edaz-Canel reconoci\u00f3 que \u00abel tema de la crisis energ\u00e9tica es el que m\u00e1s repercute en la poblaci\u00f3n cubana\u00bb, afectando directamente la vida cotidiana y la actividad econ\u00f3mica. Atribuy\u00f3 esta situaci\u00f3n al recrudecimiento del bloqueo y a las dificultades para acceder a combustibles y piezas de repuesto en el mercado internacional, lo que impide mantener en \u00f3ptimas condiciones las plantas existentes.<\/p>\n<p>A pesar del complejo escenario, asegur\u00f3 que <strong>el gobierno implementa un programa de mantenimiento y recuperaci\u00f3n de las termoel\u00e9ctricas<\/strong>, as\u00ed como la instalaci\u00f3n de nuevos parques solares fotovoltaicos para diversificar la matriz energ\u00e9tica y reducir la dependencia de los combustibles f\u00f3siles.<\/p>\n<p>En ese contexto de limitaciones, el mandatario explic\u00f3 que el gobierno se ha visto obligado a priorizar el consumo y a establecer un estricto ordenamiento de los servicios. <strong>\u00abEstamos haciendo un uso muy racional de los recursos de los que disponemos\u00bb<\/strong>, afirm\u00f3, detallando que se han implementado medidas para proteger sectores vitales como la salud, la educaci\u00f3n y la producci\u00f3n de alimentos. D\u00edaz-Canel a\u00f1adi\u00f3 que esta administraci\u00f3n cuidadosa incluye un plan de inversiones enfocado en las \u00e1reas m\u00e1s sensibles del sistema el\u00e9ctrico, con el objetivo de estabilizar el servicio progresivamente y minimizar el impacto de los apagones en la poblaci\u00f3n.<\/p>\n<p class=\"ds-markdown-paragraph\">Sobre la generaci\u00f3n actual, precis\u00f3 que <strong>\u00abhoy la electricidad se produce con las termoel\u00e9ctricas, los parques fotovoltaicos y Energ\u00e1s\u00bb<\/strong>, aunque reconoci\u00f3 que \u00abel agotamiento del <em>fuel oil<\/em> y el di\u00e9sel oblig\u00f3 a sacar de la generaci\u00f3n los emplazamientos de Moa y Mariel\u00bb. A esto se suma que \u00abla inestabilidad del SEN obliga a limitar la producci\u00f3n de los parques solares\u00bb, lo que impide aprovechar al m\u00e1ximo esas fuentes renovables.<\/p>\n<p class=\"ds-markdown-paragraph\">El presidente cubano admiti\u00f3 que \u00abla situaci\u00f3n actual irrita a la poblaci\u00f3n\u00bb y reconoci\u00f3 su impacto en cadena sobre otros servicios esenciales: \u00abimpacta en otros servicios como el abasto de agua, la producci\u00f3n, las telecomunicaciones, la salud, la educaci\u00f3n y el transporte\u00bb. No obstante, quiso enviar un mensaje de soluciones en marcha.<\/p>\n<p class=\"ds-markdown-paragraph\">Anunci\u00f3 que <strong>\u00abantes de finalizar marzo, quedar\u00e1n sincronizados otros 100 MW en energ\u00eda fotovoltaica\u00bb<\/strong>, una adici\u00f3n significativa al sistema. Adem\u00e1s, revel\u00f3 que \u00aben los pr\u00f3ximos d\u00edas estar\u00e1n en funcionamiento las primeras bater\u00edas asociadas a los parques solares que servir\u00e1n para regular la frecuencia del SEN\u00bb, lo que contribuir\u00eda a estabilizar la red y permitir una mayor integraci\u00f3n de las energ\u00edas limpias.<\/p>\n<p class=\"ds-markdown-paragraph\">Como parte de las medidas para paliar los efectos en el sector de la salud, D\u00edaz-Canel inform\u00f3 que \u00aben los pr\u00f3ximos d\u00edas arribar\u00e1n al pa\u00eds los primeros 100 veh\u00edculos el\u00e9ctricos para el servicio de hemodi\u00e1lisis\u00bb, un gesto concreto para proteger a los pacientes que dependen de este tratamiento y que se ha visto afectado por la crisis del transporte y los cortes el\u00e9ctricos.<\/p>\n<p class=\"ds-markdown-paragraph\">En otro orden de asuntos, el jefe de Estado se refiri\u00f3 a las profundas repercusiones econ\u00f3micas de la crisis. \u00abA pesar de todas las medidas hemos renunciado a nuestro derecho soberano de contar con el petr\u00f3leo para las actividades del pa\u00eds\u00bb, sentenci\u00f3, subrayando el costo de las limitaciones impuestas por el bloqueo y la falta de acceso a combustibles en el mercado internacional.<\/p>\n<p class=\"ds-markdown-paragraph\">D\u00edaz-Canel explic\u00f3 que <strong>\u00abla falta de energ\u00eda ha disminuido nuestra capacidad productiva y ha llevado a la reorganizaci\u00f3n de los flujos de trabajo\u00bb<\/strong>, un impacto directo en la econom\u00eda nacional que obliga a las empresas y centros laborales a reajustar sus procesos. Sin embargo, el mandatario fue enf\u00e1tico en que, a pesar del complejo escenario, \u00abes prioridad defender los derechos laborales y salariales\u00bb de los trabajadores cubanos.<\/p>\n<p><img decoding=\"async\" class=\"size-medium wp-image-64986 aligncenter\" src=\"https:\/\/www.radiosanctispiritus.cu\/es\/wp-content\/uploads\/Comparecencia-ante-la-prensa-2-600x750.png\" alt=\"\" width=\"600\" height=\"750\" srcset=\"https:\/\/www.radiosanctispiritus.cu\/es\/wp-content\/uploads\/Comparecencia-ante-la-prensa-2-600x750.png 600w, https:\/\/www.radiosanctispiritus.cu\/es\/wp-content\/uploads\/Comparecencia-ante-la-prensa-2-819x1024.png 819w, https:\/\/www.radiosanctispiritus.cu\/es\/wp-content\/uploads\/Comparecencia-ante-la-prensa-2-768x960.png 768w, https:\/\/www.radiosanctispiritus.cu\/es\/wp-content\/uploads\/Comparecencia-ante-la-prensa-2.png 1080w\" sizes=\"(max-width: 600px) 100vw, 600px\" \/><\/p>\n<p class=\"ds-markdown-paragraph\">Para ello, anunci\u00f3 una nueva directriz en el \u00e1mbito laboral: \u00abdebemos apostar por estrategias que permitan la reubicaci\u00f3n laboral\u00bb. Esto implica, seg\u00fan detall\u00f3, buscar alternativas dentro del sistema empresarial estatal y otras formas de gesti\u00f3n para recolocar a aquellos trabajadores cuyas plazas se vean afectadas por la contracci\u00f3n productiva.<\/p>\n<p class=\"ds-markdown-paragraph\">En este sentido, hizo un llamado directo a la estructura sindical, se\u00f1alando que <strong>\u00abante este escenario, los sindicatos deben actualizar su funcionamiento\u00bb<\/strong> para ser verdaderos garantes de los derechos de los trabajadores en las nuevas condiciones, y para participar activamente en la b\u00fasqueda de soluciones que protejan el empleo y el sustento de las familias cubanas.<\/p>\n<p class=\"ds-markdown-paragraph\">Prosiguiendo con su intervenci\u00f3n, el presidente cubano se adentr\u00f3 en el impacto de la crisis energ\u00e9tica en la esfera educativa, un sector que calific\u00f3 como prioritario para la Revoluci\u00f3n. D\u00edaz-Canel fue directo al se\u00f1alar que \u00ablos problemas que hoy enfrenta la educaci\u00f3n en sus distintos niveles para la realizaci\u00f3n del curso escolar es culpa tambi\u00e9n del bloqueo energ\u00e9tico que se nos ha impuesto\u00bb.<\/p>\n<p class=\"ds-markdown-paragraph\">El mandatario explic\u00f3 que <strong>las dificultades con el suministro el\u00e9ctrico afectan no solo la iluminaci\u00f3n y climatizaci\u00f3n de las escuelas<\/strong>, sino tambi\u00e9n el acceso a medios tecnol\u00f3gicos y la preparaci\u00f3n de alimentos en los centros internos, complicando la continuidad educativa.<\/p>\n<p class=\"ds-markdown-paragraph\">Ante este complejo panorama, anunci\u00f3 una acci\u00f3n gubernamental inmediata para mitigar los da\u00f1os y garantizar el derecho a la educaci\u00f3n. Inform\u00f3 que \u00aben la pr\u00f3xima semana los ministros de Educaci\u00f3n y de Educaci\u00f3n Superior informar\u00e1n sobre las nuevas medidas que actualizan la estrategia que se ha venido desarrollando en el \u00faltimo mes para llevar a cabo el curso escolar\u00bb.<\/p>\n<p class=\"ds-markdown-paragraph\">D\u00edaz-Canel subray\u00f3 la importancia de este anuncio al reiterar que \u00abesta es una prioridad\u00bb para el Estado cubano, buscando as\u00ed transmitir un mensaje de tranquilidad a las familias y a la comunidad educativa, a la vez que se trabaja en alternativas para sostener el calendario acad\u00e9mico pese a las adversidades energ\u00e9ticas.<\/p>\n<div class=\"ds-message _63c77b1\">\n<div class=\"ds-markdown\">\n<p class=\"ds-markdown-paragraph\">En su intervenci\u00f3n, el presidente cubano realiz\u00f3 un importante anuncio dirigido a los nacionales que residen fuera de la isla. D\u00edaz-Canel inform\u00f3 que el gobierno <strong>anunciar\u00e1 medidas para propiciar la participaci\u00f3n de los cubanos residentes en el exterior en la vida econ\u00f3mica del pa\u00eds<\/strong>. El mandatario explic\u00f3 que estas disposiciones, largamente esperadas por la comunidad cubana en el extranjero, buscan estrechar los v\u00ednculos y aprovechar el potencial de la di\u00e1spora para contribuir al desarrollo nacional.<\/p>\n<p class=\"ds-markdown-paragraph\">El jefe de Estado detall\u00f3 que las nuevas regulaciones\u00a0<strong>se dar\u00e1n a conocer el lunes en comparecencia del viceprimer ministro Oscar P\u00e9rez-Oliva Fraga<\/strong>, quien ofrecer\u00e1 los pormenores de esta actualizaci\u00f3n de la pol\u00edtica hacia los cubanos residentes en otros pa\u00edses. Este anuncio se enmarca en un contexto de reformas m\u00e1s amplias que incluyen los recientes proyectos de Ley de Migraci\u00f3n y de Extranjer\u00eda, publicados por el Parlamento cubano para promover la participaci\u00f3n ciudadana y contribuir a la cultura legal.<\/p>\n<p class=\"ds-markdown-paragraph\">Al referirse a este importante paso, el mandatario explic\u00f3 el fundamento de la decisi\u00f3n: \u00abEs nuestra responsabilidad como gobierno propiciar un espacio para que puedan participar en la vida de nuestro pa\u00eds\u00bb. D\u00edaz-Canel caracteriz\u00f3 a la comunidad cubana en el exterior, se\u00f1alando que \u00abla mayor\u00eda son personas que mantienen su identidad con la cultura y la naci\u00f3n\u00bb, un v\u00ednculo que el gobierno busca fortalecer y canalizar hacia el desarrollo econ\u00f3mico.<\/p>\n<p class=\"ds-markdown-paragraph\">El presidente revel\u00f3 que esta iniciativa es el resultado de un proceso de di\u00e1logo previo:<strong> \u00abEn el \u00faltimo a\u00f1o ha habido una actividad intensa a trav\u00e9s del MINREX y el MINCEX han tenido varios encuentros donde los cubanos residentes en el exterior han hecho propuestas y planteado las trabas que enfrentan\u00bb<\/strong>. Este intercambio, seg\u00fan detall\u00f3, permiti\u00f3 identificar las principales limitaciones que encuentran los emigrados al intentar invertir o colaborar con la econom\u00eda cubana.<\/p>\n<p class=\"ds-markdown-paragraph\">D\u00edaz-Canel confirm\u00f3 que las nuevas disposiciones ya han sido validadas al m\u00e1s alto nivel: \u00abHemos hecho un an\u00e1lisis en el Bur\u00f3 Pol\u00edtico y el gobierno, se resuelven muchos de los problemas que ellos han planteado, y ser\u00e1 informado pr\u00f3ximamente\u00bb. De esta forma, el anuncio del viceprimer ministro Oscar P\u00e9rez-Oliva Fraga, previsto para el lunes, ofrecer\u00e1 soluciones concretas a las inquietudes planteadas por los cubanos residentes en el exterior en estos encuentros, eliminando trabas y abriendo nuevas oportunidades para su participaci\u00f3n en la vida econ\u00f3mica de la naci\u00f3n.<\/p>\n<p><img decoding=\"async\" class=\"size-medium wp-image-64993 aligncenter\" src=\"https:\/\/www.radiosanctispiritus.cu\/es\/wp-content\/uploads\/Comparecencia-ante-la-prensa-4-600x750.png\" alt=\"\" width=\"600\" height=\"750\" srcset=\"https:\/\/www.radiosanctispiritus.cu\/es\/wp-content\/uploads\/Comparecencia-ante-la-prensa-4-600x750.png 600w, https:\/\/www.radiosanctispiritus.cu\/es\/wp-content\/uploads\/Comparecencia-ante-la-prensa-4-819x1024.png 819w, https:\/\/www.radiosanctispiritus.cu\/es\/wp-content\/uploads\/Comparecencia-ante-la-prensa-4-768x960.png 768w, https:\/\/www.radiosanctispiritus.cu\/es\/wp-content\/uploads\/Comparecencia-ante-la-prensa-4.png 1080w\" sizes=\"(max-width: 600px) 100vw, 600px\" \/><\/p>\n<p class=\"ds-markdown-paragraph\">En otro momento de su alocuci\u00f3n, el presidente cubano agradeci\u00f3 la solidaridad recibida en medio de la compleja situaci\u00f3n, mencionando especialmente el apoyo de M\u00e9xico. \u00abHemos tenido en M\u00e9xico un pa\u00eds hermano con la presidenta Claudia Sheinbaum a la cabeza\u00bb, expres\u00f3, reconociendo el respaldo de la naci\u00f3n azteca en las actuales circunstancias.<\/p>\n<p class=\"ds-markdown-paragraph\">En relaci\u00f3n con la ayuda internacional que ha llegado a la isla, D\u00edaz-Canel quiso enviar un mensaje de transparencia y garant\u00eda sobre su gesti\u00f3n. Afirm\u00f3 que <strong>\u00abla \u00e9tica de la Revoluci\u00f3n es tan grande que es imposible que alguna campa\u00f1a de desinformaci\u00f3n empa\u00f1e nuestro proceder a la hora de recibir y distribuir las donaciones\u00bb<\/strong>.<\/p>\n<p class=\"ds-markdown-paragraph\">El mandatario subray\u00f3 la trayectoria de Cuba en este \u00e1mbito, se\u00f1alando que \u00abtenemos una amplia experiencia en el recibimiento de donaciones. Siempre respetamos la voluntad del donante y lo anunciamos con total transparencia\u00bb. Finalmente, asegur\u00f3 que \u00abnuestros sistemas de control interno supervisan todo el proceder con el recibimiento y distribuci\u00f3n de las donaciones\u00bb, en un intento de blindar el proceso ante posibles cr\u00edticas o campa\u00f1as medi\u00e1ticas que, a su juicio, buscan desacreditar al gobierno cubano.<\/p>\n<p class=\"ds-markdown-paragraph\">Ampliando el panorama de las relaciones internacionales, el presidente cubano ofreci\u00f3 una reflexi\u00f3n sobre la hist\u00f3rica pol\u00edtica de Estados Unidos hacia la isla. D\u00edaz-Canel record\u00f3 que <strong>\u00ablos gobiernos de los EE.UU. desde el inicio de la Revoluci\u00f3n han insistido en aislar a nuestro pa\u00eds\u00bb<\/strong>, una estrategia que, seg\u00fan su visi\u00f3n, ha sido una constante durante m\u00e1s de seis d\u00e9cadas. Sin embargo, el mandatario quiso establecer una distinci\u00f3n fundamental: \u00abpero no es lo mismo las relaciones entre los gobiernos, que la relaci\u00f3n entre los pueblos\u00bb. Enfatiz\u00f3 que, m\u00e1s all\u00e1 de las tensiones diplom\u00e1ticas y las sanciones, los v\u00ednculos de amistad y solidaridad con las sociedades de otras naciones permanecen intactos.<\/p>\n<p class=\"ds-markdown-paragraph\">Como ejemplo de esta din\u00e1mica, se refiri\u00f3 espec\u00edficamente al caso de Ecuador, pa\u00eds con el que Cuba ha tenido hist\u00f3ricamente lazos estrechos. D\u00edaz-Canel afirm\u00f3 con optimismo que <strong>\u00abla amistad entre el pueblo de Cuba y Ecuador es muy fuerte\u00bb<\/strong>, y envi\u00f3 un mensaje de confianza sobre el futuro de esa relaci\u00f3n bilateral, al augurar que \u00abm\u00e1s temprano que tarde esa relaci\u00f3n se recompone\u00bb. De esta manera, el jefe de Estado cubano proyect\u00f3 una visi\u00f3n de resiliencia en la pol\u00edtica exterior, confiando en que los lazos populares terminar\u00e1n por imponerse sobre cualquier diferencia o distanciamiento a nivel gubernamental.<\/p>\n<p class=\"ds-markdown-paragraph\">En su intervenci\u00f3n, el jefe de Estado se refiri\u00f3 al grave incidente de seguridad que, seg\u00fan denunci\u00f3, ten\u00eda como objetivo desestabilizar el pa\u00eds. \u00abFue una infiltraci\u00f3n terrorista, financiada y organizada desde EE. UU., y ven\u00edan fuertemente armados, lo que demuestra sus intenciones\u00bb, afirm\u00f3 D\u00edaz-Canel, quien detall\u00f3 que el plan consist\u00eda en \u00abasaltar unidades militares y centros sociales para sembrar miedo\u00bb. El mandatario asegur\u00f3 que los detenidos, quienes \u00abhan reconocido su participaci\u00f3n\u00bb y que \u00abfueron ellos los primeros que dispararon contra el servicio de guardacostas cubano\u00bb, est\u00e1n siendo procesados \u00abcon todas las garant\u00edas del debido proceso\u00bb. Los heridos, agreg\u00f3, han recibido atenci\u00f3n m\u00e9dica y han agradecido el trato.<\/p>\n<p class=\"ds-markdown-paragraph\">D\u00edaz-Canel inform\u00f3 que, en un gesto de cooperaci\u00f3n, \u00aboportunamente se le ofreci\u00f3 informaci\u00f3n a la contraparte de EE.UU. y han planteado su disposici\u00f3n de participar de conjunto en el esclarecimiento de los hechos\u00bb. Como parte de este entendimiento, adelant\u00f3 que <strong>\u00abdeben visitar Cuba expertos del FBI para participar en el esclarecimiento de los hechos\u00bb<\/strong>. El presidente tambi\u00e9n extendi\u00f3 el alcance de las investigaciones a ciudadanos extranjeros involucrados: \u00abHan sido detenidos tambi\u00e9n 10 ciudadanos paname\u00f1os que est\u00e1n siendo procesados con todas las garant\u00edas, quienes han reconocido su responsabilidad\u00bb.<\/p>\n<p class=\"ds-markdown-paragraph\">A su vez, relat\u00f3 su visita a uno de los combatientes heridos durante la acci\u00f3n: \u00abSe desbordaba en explicarnos el cumplimiento del deber. Nos narr\u00f3 c\u00f3mo fue herido, y mostr\u00f3 su orgullo por haber evitado la infiltraci\u00f3n\u00bb. D\u00edaz-Canel enalteci\u00f3 la conducta de estos hombres, a quienes puso como ejemplo de \u00abestos tiempos tan duros\u00bb, recordando tambi\u00e9n a \u00ablos 32 que cayeron en Venezuela\u00bb y a los que defendieron la patria en esta ocasi\u00f3n. \u00abSon cosas que nos enaltecen\u00bb, sentenci\u00f3.<\/p>\n<p class=\"ds-markdown-paragraph\">En el tramo final de su intervenci\u00f3n, el presidente cubano se refiri\u00f3 al reciente anuncio sobre el indulto a personas que cumplen sanciones, un tema que, seg\u00fan advirti\u00f3, ser\u00e1 objeto de manipulaci\u00f3n medi\u00e1tica. D\u00edaz-Canel fue enf\u00e1tico al subrayar que esta medida \u00abes una decisi\u00f3n soberana\u00bb, desmarc\u00e1ndola de cualquier presi\u00f3n externa o negociaci\u00f3n con otros actores internacionales.<\/p>\n<p class=\"ds-markdown-paragraph\">El mandatario anticip\u00f3 que <strong>\u00absabemos que sobre el tema habr\u00e1 campa\u00f1as de intoxicaci\u00f3n que lo relacionar\u00e1n con otras decisiones\u00bb<\/strong>, en clara alusi\u00f3n a posibles interpretaciones que vinculen este gesto humanitario con los recientes contactos con el gobierno de Estados Unidos o con la excarcelaci\u00f3n de 51 presos anunciada en la v\u00edspera. Sin embargo, D\u00edaz-Canel rest\u00f3 importancia a estas campa\u00f1as: \u00abpero nada de eso nos preocupa, porque responde a nuestra vocaci\u00f3n humanista, y es una decisi\u00f3n soberana\u00bb.<\/p>\n<p class=\"ds-markdown-paragraph\">De esta forma, el jefe de Estado busc\u00f3 blindar la medida ante cualquier lectura interesada, present\u00e1ndola como un acto de coherencia con los principios de la Revoluci\u00f3n Cubana y no como una concesi\u00f3n derivada del contexto de di\u00e1logos bilaterales o presiones internacionales.<\/p>\n<\/div>\n<\/div>\n","protected":false},"excerpt":{"rendered":"<p>Durante su intervenci\u00f3n, transmitida en cadena nacional de radio y televisi\u00f3n, D\u00edaz-Canel confirm\u00f3 que funcionarios cubanos han sostenido \u00abrecientemente conversaciones con representantes del gobierno de los Estados Unidos\u00bb. El mandatario explic\u00f3 que estos intercambios se enmarcan en la \u00abpol\u00edtica consistente que ha defendido la Revoluci\u00f3n Cubana\u00bb.<\/p>\n","protected":false},"author":4,"featured_media":64978,"comment_status":"open","ping_status":"open","sticky":false,"template":"","format":"standard","meta":{"_acf_changed":false,"footnotes":""},"categories":[8,3,12],"tags":[50,28],"coauthors":[1883],"class_list":["post-64968","post","type-post","status-publish","format-standard","has-post-thumbnail","hentry","category-noticia","category-cuba","category-sugerencia","tag-cuba","tag-miguel-diaz-canel"],"acf":[],"_links":{"self":[{"href":"https:\/\/www.radiosanctispiritus.cu\/es\/wp-json\/wp\/v2\/posts\/64968","targetHints":{"allow":["GET"]}}],"collection":[{"href":"https:\/\/www.radiosanctispiritus.cu\/es\/wp-json\/wp\/v2\/posts"}],"about":[{"href":"https:\/\/www.radiosanctispiritus.cu\/es\/wp-json\/wp\/v2\/types\/post"}],"author":[{"embeddable":true,"href":"https:\/\/www.radiosanctispiritus.cu\/es\/wp-json\/wp\/v2\/users\/4"}],"replies":[{"embeddable":true,"href":"https:\/\/www.radiosanctispiritus.cu\/es\/wp-json\/wp\/v2\/comments?post=64968"}],"version-history":[{"count":6,"href":"https:\/\/www.radiosanctispiritus.cu\/es\/wp-json\/wp\/v2\/posts\/64968\/revisions"}],"predecessor-version":[{"id":65005,"href":"https:\/\/www.radiosanctispiritus.cu\/es\/wp-json\/wp\/v2\/posts\/64968\/revisions\/65005"}],"wp:featuredmedia":[{"embeddable":true,"href":"https:\/\/www.radiosanctispiritus.cu\/es\/wp-json\/wp\/v2\/media\/64978"}],"wp:attachment":[{"href":"https:\/\/www.radiosanctispiritus.cu\/es\/wp-json\/wp\/v2\/media?parent=64968"}],"wp:term":[{"taxonomy":"category","embeddable":true,"href":"https:\/\/www.radiosanctispiritus.cu\/es\/wp-json\/wp\/v2\/categories?post=64968"},{"taxonomy":"post_tag","embeddable":true,"href":"https:\/\/www.radiosanctispiritus.cu\/es\/wp-json\/wp\/v2\/tags?post=64968"},{"taxonomy":"author","embeddable":true,"href":"https:\/\/www.radiosanctispiritus.cu\/es\/wp-json\/wp\/v2\/coauthors?post=64968"}],"curies":[{"name":"wp","href":"https:\/\/api.w.org\/{rel}","templated":true}]}}