{"id":64958,"date":"2026-03-13T07:17:36","date_gmt":"2026-03-13T11:17:36","guid":{"rendered":"https:\/\/www.radiosanctispiritus.cu\/es\/?p=64958"},"modified":"2026-03-13T07:17:36","modified_gmt":"2026-03-13T11:17:36","slug":"elsa-ramos-ramirez-una-vida-dedicada-al-periodismo-critico-y-de-profundidad","status":"publish","type":"post","link":"https:\/\/www.radiosanctispiritus.cu\/es\/elsa-ramos-ramirez-una-vida-dedicada-al-periodismo-critico-y-de-profundidad\/","title":{"rendered":"Elsa Ramos Ram\u00edrez: una vida dedicada al periodismo cr\u00edtico y de profundidad"},"content":{"rendered":"<p>\u00abLa gente me tiene un cu\u00f1o tambi\u00e9n, que solamente hago periodismo cr\u00edtico. Verbo oportuno, adjetivos justos, ideas concretas. Me han dicho que soy incisiva. De hecho, el jurado este ahora me lo remarc\u00f3 y dije: ah, mira, ellos pusieron incisiva. Escudri\u00f1a en temas necesarios, actuales, de los que punzan hasta la m\u00e9dula. Ser incisiva para m\u00ed es ser intencional, intencionar una pregunta, una frase y dem\u00e1s\u00bb.<\/p>\n<p><iframe src=\"https:\/\/www.ivoox.com\/player_ej_170038070_6_1.html?c1=7a0d0b\" width=\"100%\" height=\"200\" frameborder=\"0\" allowfullscreen=\"\" scrolling=\"no\" loading=\"lazy\"><\/iframe><\/p>\n<p>Es Elsa Ramos Ram\u00edrez, a su paso por la vida, incluso m\u00e1s all\u00e1 de la profesi\u00f3n que la eligi\u00f3 y que ha demostrado dominar con creces, ya sea en radio y prensa escrita, los dos medios p\u00fablicos donde ha echado ra\u00edces.<\/p>\n<p>\u00abEn la radio llevo 36, que sigue siendo mi medio, pero en la prensa escrita, en Escambray espec\u00edficamente, llevo cerca de 30, pero de manera m\u00e1s directa, hace 26 a\u00f1os llevo la p\u00e1gina deportiva\u00bb.<\/p>\n<p>Justo desde ah\u00ed, la casa de Adolfo del Castillo n\u00famero 10 en Sancti Sp\u00edritus se coron\u00f3 por segunda ocasi\u00f3n consecutiva con el Premio Nacional de Periodismo Juan Gualberto G\u00f3mez. Y si de ser noticia se trata, el sexto lauro en su carrera. La hija de Palmarito ha puesto la varilla alta en el gremio.<\/p>\n<p>\u00abEscambray siempre ha dado la oportunidad para que uno haga cualquier tipo de trabajo, de temas. Y justamente en ese quehacer, sobre todo Juan Antonio Borrego, que siempre incluso me encomend\u00f3 trabajos de otro tipo, de social, econ\u00f3mico, porque sab\u00eda que a m\u00ed me gustaba. Entonces ah\u00ed fue cre\u00e1ndose como una sistematicidad en el tratamiento de esos temas. Sigui\u00f3 con Giselle, sigui\u00f3 despu\u00e9s con Juan Carlos Castell\u00f3n. Que me han encomendado trabajos espec\u00edficamente sobre temas casi todos cr\u00edticos, casi todos un poco peliagudos, como nosotros lo decimos, investigativos, porque a m\u00ed me gusta y la prensa escrita, sabes, que te da esa oportunidad de desarrollar la investigaci\u00f3n, de contrastar las fuentes.<\/p>\n<p>Yo, t\u00fa sabes que tengo algunas caracter\u00edsticas personales, y esta parece que me va a tocar ser la \u00faltima representante de las provincias, porque la prensa impresa ahora mismo se detuvo. No sabemos cu\u00e1ndo volver\u00e1 a resurgir, pero bueno, no creo tan as\u00ed porque otros peri\u00f3dicos van a seguir circulando, pero los peri\u00f3dicos provinciales no. Parece que me va a tocar ese cierre tambi\u00e9n\u00bb.<\/p>\n<p>De cierre conoce bien. A lo largo de m\u00e1s de 20 a\u00f1os ha sentido la adrenalina de poner el punto final cuando solo quedan sus materiales deportivos para enviar a Escambray al poligr\u00e1fico. Publicaci\u00f3n a publicaci\u00f3n, se gan\u00f3 el espacio en un gremio donde predominan las voces masculinas.<\/p>\n<p>\u00abS\u00ed me cost\u00f3 trabajo al principio, pero me gust\u00f3 mucho el reto, porque yo soy una mujer de retos. No solamente porque ten\u00eda el entorno de los hombres escribiendo sobre deporte. No, era porque tambi\u00e9n casi todas las fuentes eran hombres y tuve que preparar mucho, porque sabes que en la prensa escrita las cosas quedan. Escambray ya ten\u00eda un nombre y las personas iban mucho a Escambray a leer.<\/p>\n<p>Una vez que hice un trabajo sobre la pelota, en ese minuto estaba en Sancti Sp\u00edritus en malas condiciones, en todas las categor\u00edas. Y yo, el trabajo se llamaba &#8216;Aquello es pelota, esto es b\u00e9isbol&#8217;. Y entonces los entrenadores, todos hombres, me hicieron como un juicio. Despu\u00e9s de las tensiones iniciales de ese momento, bueno, yo me recuerdo que les dije a ellos: mire, ustedes todos traen pantalones. Y yo tambi\u00e9n traigo. O sea, ustedes son hombres y yo tambi\u00e9n traigo pantal\u00f3n. O sea, el hecho de que ustedes traigan pantal\u00f3n y yo tambi\u00e9n no indica que el pantal\u00f3n haga la diferencia. M\u00e1s o menos as\u00ed se destensaron, se destens\u00f3 el momento. Despu\u00e9s puedo decirte que he tenido excelentes relaciones con la fuente\u00bb.<\/p>\n<p>Tal y como dijo el m\u00e1s reciente jurado que evalu\u00f3 su trabajo del a\u00f1o 2025, Elsa Ramos Ram\u00edrez sigue siendo una de las voces m\u00e1s agudas y necesarias de nuestro periodismo, una de las profesionales del sector m\u00e1s seguidas por los lectores y m\u00e1s respetadas en sus opiniones. Por tanto, imaginar que pueda deslindarse de su profesi\u00f3n sorprende.<\/p>\n<p>\u00abYa yo tengo 60 a\u00f1os desde septiembre del a\u00f1o 2025, pero por el carnet cumplo 60 en abril. Y ya yo estoy haciendo los papeles y voy a presentar mi jubilaci\u00f3n en abril. No s\u00e9 qu\u00e9 va a pasar. Tengo que esperar. O sea, no s\u00e9 si me recontraten. Tiene que llegar abril porque adem\u00e1s quiero cogerme un tiempo y desconectar completo el clic. Pero s\u00ed he dicho que el periodismo no lo voy a ejercer m\u00e1s\u00bb.<\/p>\n","protected":false},"excerpt":{"rendered":"<p>A su paso por la vida, incluso m\u00e1s all\u00e1 de la profesi\u00f3n que la eligi\u00f3 y que ha demostrado dominar con creces, ya sea en radio y prensa escrita, los dos medios p\u00fablicos donde ha echado ra\u00edces.<\/p>\n","protected":false},"author":12,"featured_media":64917,"comment_status":"open","ping_status":"open","sticky":false,"template":"","format":"standard","meta":{"_acf_changed":false,"footnotes":""},"categories":[8,9,1],"tags":[50,697,1780],"coauthors":[1864],"class_list":["post-64958","post","type-post","status-publish","format-standard","has-post-thumbnail","hentry","category-noticia","category-en-audio","category-sancti-spiritus","tag-cuba","tag-periodismo","tag-sancti-spiritus"],"acf":[],"_links":{"self":[{"href":"https:\/\/www.radiosanctispiritus.cu\/es\/wp-json\/wp\/v2\/posts\/64958","targetHints":{"allow":["GET"]}}],"collection":[{"href":"https:\/\/www.radiosanctispiritus.cu\/es\/wp-json\/wp\/v2\/posts"}],"about":[{"href":"https:\/\/www.radiosanctispiritus.cu\/es\/wp-json\/wp\/v2\/types\/post"}],"author":[{"embeddable":true,"href":"https:\/\/www.radiosanctispiritus.cu\/es\/wp-json\/wp\/v2\/users\/12"}],"replies":[{"embeddable":true,"href":"https:\/\/www.radiosanctispiritus.cu\/es\/wp-json\/wp\/v2\/comments?post=64958"}],"version-history":[{"count":2,"href":"https:\/\/www.radiosanctispiritus.cu\/es\/wp-json\/wp\/v2\/posts\/64958\/revisions"}],"predecessor-version":[{"id":64961,"href":"https:\/\/www.radiosanctispiritus.cu\/es\/wp-json\/wp\/v2\/posts\/64958\/revisions\/64961"}],"wp:featuredmedia":[{"embeddable":true,"href":"https:\/\/www.radiosanctispiritus.cu\/es\/wp-json\/wp\/v2\/media\/64917"}],"wp:attachment":[{"href":"https:\/\/www.radiosanctispiritus.cu\/es\/wp-json\/wp\/v2\/media?parent=64958"}],"wp:term":[{"taxonomy":"category","embeddable":true,"href":"https:\/\/www.radiosanctispiritus.cu\/es\/wp-json\/wp\/v2\/categories?post=64958"},{"taxonomy":"post_tag","embeddable":true,"href":"https:\/\/www.radiosanctispiritus.cu\/es\/wp-json\/wp\/v2\/tags?post=64958"},{"taxonomy":"author","embeddable":true,"href":"https:\/\/www.radiosanctispiritus.cu\/es\/wp-json\/wp\/v2\/coauthors?post=64958"}],"curies":[{"name":"wp","href":"https:\/\/api.w.org\/{rel}","templated":true}]}}