{"id":64953,"date":"2026-03-13T07:14:28","date_gmt":"2026-03-13T11:14:28","guid":{"rendered":"https:\/\/www.radiosanctispiritus.cu\/es\/?p=64953"},"modified":"2026-03-13T07:14:28","modified_gmt":"2026-03-13T11:14:28","slug":"cuba-indultaran-a-51-sancionados-a-privacion-de-libertad","status":"publish","type":"post","link":"https:\/\/www.radiosanctispiritus.cu\/es\/cuba-indultaran-a-51-sancionados-a-privacion-de-libertad\/","title":{"rendered":"Cuba: indultar\u00e1n a 51 sancionados a privaci\u00f3n de libertad"},"content":{"rendered":"<p>La Canciller\u00eda de Cuba asegur\u00f3 que el Gobierno liberar\u00e1 en los pr\u00f3ximos d\u00edas a 51 ciudadanos sancionados a privaci\u00f3n de libertad, los cuales cumplieron gran parte de la pena y mantuvieron buena conducta.<\/p>\n<p>Por medio de un comunicado, subray\u00f3 que la decisi\u00f3n responde al \u00abesp\u00edritu de buena voluntad, de estrechas y fluidas relaciones entre el Estado cubano y el Vaticano\u00bb, que han \u00abmantenido hist\u00f3ricamente una comunicaci\u00f3n sobre los procesos de revisi\u00f3n y excarcelaci\u00f3n de personas privadas de libertad\u00bb.<\/p>\n<p>Desde 2010 el Gobierno cubano ha beneficiado con indultos a nueve mil 905 reclusos, refiere, y detalla que \u00aben los \u00faltimos tres a\u00f1os, como parte de la pr\u00e1ctica cubana y al amparo de lo dispuesto en nuestra legislaci\u00f3n, otras 10 mil personas sancionadas a privaci\u00f3n de libertad fueron excarceladas por diferentes beneficios\u00bb.<\/p>\n<p>\u00abEsta decisi\u00f3n soberana constituye una pr\u00e1ctica habitual en nuestro sistema de justicia penal y ha caracterizado la trayectoria humanitaria de la Revoluci\u00f3n, que esta vez coincide con la proximidad de las celebraciones religiosas de la Semana Santa\u00bb, asegura la notificaci\u00f3n del Ministerio de Relaciones Exteriores de la isla.<\/p>\n","protected":false},"excerpt":{"rendered":"<p>La Canciller\u00eda de Cuba asegur\u00f3 que el Gobierno liberar\u00e1 en los pr\u00f3ximos d\u00edas a 51 ciudadanos sancionados a privaci\u00f3n de libertad, los cuales cumplieron gran parte de la pena y mantuvieron buena conducta.<\/p>\n","protected":false},"author":22,"featured_media":64955,"comment_status":"open","ping_status":"open","sticky":false,"template":"","format":"standard","meta":{"_acf_changed":false,"footnotes":""},"categories":[8,3],"tags":[575,1481,279],"coauthors":[1882],"class_list":["post-64953","post","type-post","status-publish","format-standard","has-post-thumbnail","hentry","category-noticia","category-cuba","tag-cuba-minrex","tag-gobierno","tag-justicia"],"acf":[],"_links":{"self":[{"href":"https:\/\/www.radiosanctispiritus.cu\/es\/wp-json\/wp\/v2\/posts\/64953","targetHints":{"allow":["GET"]}}],"collection":[{"href":"https:\/\/www.radiosanctispiritus.cu\/es\/wp-json\/wp\/v2\/posts"}],"about":[{"href":"https:\/\/www.radiosanctispiritus.cu\/es\/wp-json\/wp\/v2\/types\/post"}],"author":[{"embeddable":true,"href":"https:\/\/www.radiosanctispiritus.cu\/es\/wp-json\/wp\/v2\/users\/22"}],"replies":[{"embeddable":true,"href":"https:\/\/www.radiosanctispiritus.cu\/es\/wp-json\/wp\/v2\/comments?post=64953"}],"version-history":[{"count":1,"href":"https:\/\/www.radiosanctispiritus.cu\/es\/wp-json\/wp\/v2\/posts\/64953\/revisions"}],"predecessor-version":[{"id":64959,"href":"https:\/\/www.radiosanctispiritus.cu\/es\/wp-json\/wp\/v2\/posts\/64953\/revisions\/64959"}],"wp:featuredmedia":[{"embeddable":true,"href":"https:\/\/www.radiosanctispiritus.cu\/es\/wp-json\/wp\/v2\/media\/64955"}],"wp:attachment":[{"href":"https:\/\/www.radiosanctispiritus.cu\/es\/wp-json\/wp\/v2\/media?parent=64953"}],"wp:term":[{"taxonomy":"category","embeddable":true,"href":"https:\/\/www.radiosanctispiritus.cu\/es\/wp-json\/wp\/v2\/categories?post=64953"},{"taxonomy":"post_tag","embeddable":true,"href":"https:\/\/www.radiosanctispiritus.cu\/es\/wp-json\/wp\/v2\/tags?post=64953"},{"taxonomy":"author","embeddable":true,"href":"https:\/\/www.radiosanctispiritus.cu\/es\/wp-json\/wp\/v2\/coauthors?post=64953"}],"curies":[{"name":"wp","href":"https:\/\/api.w.org\/{rel}","templated":true}]}}