{"id":64915,"date":"2026-03-12T14:51:24","date_gmt":"2026-03-12T18:51:24","guid":{"rendered":"https:\/\/www.radiosanctispiritus.cu\/es\/?p=64915"},"modified":"2026-03-12T14:51:24","modified_gmt":"2026-03-12T18:51:24","slug":"dia-de-la-prensa-en-sancti-spiritus-honor-al-merito","status":"publish","type":"post","link":"https:\/\/www.radiosanctispiritus.cu\/es\/dia-de-la-prensa-en-sancti-spiritus-honor-al-merito\/","title":{"rendered":"D\u00eda de la prensa en Sancti Sp\u00edritus, honor al m\u00e9rito"},"content":{"rendered":"<p>Cuando faltan apenas horas para un aniversario m\u00e1s de la fundaci\u00f3n de peri\u00f3dico Patria, por Jos\u00e9 Mart\u00ed, los periodistas espirituanos celebraron hoy el D\u00eda de la Prensa Cubana.<\/p>\n<p>Como incentivo, el agasajo a colegas de todos los medios ganadores de concursos y premios period\u00edsticos convocados por la UPEC en la provincia y el pa\u00eds.<\/p>\n<p>All\u00ed,. como luz que brilla por s\u00ed sola y ejemplo para las generaciones de periodistas, Elsa Ramos Ram\u00edrez, ganadora de su sexto galard\u00f3n en el Premio Nacional de Periodismo Juan Gualberto G\u00f3mez.<\/p>\n<p>Y tambi\u00e9n otros, m\u00e1s j\u00f3venes, pero que van marcando huellas en el ajetreo period\u00edstico del territorio.<\/p>\n<p>En la celebraci\u00f3n se entreg\u00f3 tambi\u00e9n el Premio Provincial Tom\u00e1s \u00c1lvarez de los R\u00edos, por la obra de la vida, a Oscar Alfonso Sosa, fotorreportero de la Agencia Cubana de Noticias en el territorio.<\/p>\n<p>&nbsp;<\/p>\n<div id=\"attachment_64916\" style=\"width: 610px\" class=\"wp-caption aligncenter\"><img decoding=\"async\" aria-describedby=\"caption-attachment-64916\" class=\"size-medium wp-image-64916\" src=\"https:\/\/www.radiosanctispiritus.cu\/es\/wp-content\/uploads\/q2-26-600x406.jpg\" alt=\"\" width=\"600\" height=\"406\" srcset=\"https:\/\/www.radiosanctispiritus.cu\/es\/wp-content\/uploads\/q2-26-600x406.jpg 600w, https:\/\/www.radiosanctispiritus.cu\/es\/wp-content\/uploads\/q2-26-1024x693.jpg 1024w, https:\/\/www.radiosanctispiritus.cu\/es\/wp-content\/uploads\/q2-26-768x519.jpg 768w, https:\/\/www.radiosanctispiritus.cu\/es\/wp-content\/uploads\/q2-26-1536x1039.jpg 1536w, https:\/\/www.radiosanctispiritus.cu\/es\/wp-content\/uploads\/q2-26-2048x1385.jpg 2048w\" sizes=\"(max-width: 600px) 100vw, 600px\" \/><p id=\"caption-attachment-64916\" class=\"wp-caption-text\">El Premio Provincial Tom\u00e1s \u00c1lvarez de los R\u00edos, por la obra de la vida, se entreg\u00f3 a Oscar Alfonso Sosa (D, primer plano), fotorreportero de la Agencia Cubana de Noticias en el territorio.<\/p><\/div>\n<p>&nbsp;<\/p>\n<div id=\"attachment_64917\" style=\"width: 610px\" class=\"wp-caption aligncenter\"><img decoding=\"async\" aria-describedby=\"caption-attachment-64917\" class=\"size-medium wp-image-64917\" src=\"https:\/\/www.radiosanctispiritus.cu\/es\/wp-content\/uploads\/q3-25-600x417.jpg\" alt=\"\" width=\"600\" height=\"417\" srcset=\"https:\/\/www.radiosanctispiritus.cu\/es\/wp-content\/uploads\/q3-25-600x417.jpg 600w, https:\/\/www.radiosanctispiritus.cu\/es\/wp-content\/uploads\/q3-25-1024x711.jpg 1024w, https:\/\/www.radiosanctispiritus.cu\/es\/wp-content\/uploads\/q3-25-768x534.jpg 768w, https:\/\/www.radiosanctispiritus.cu\/es\/wp-content\/uploads\/q3-25-1536x1067.jpg 1536w, https:\/\/www.radiosanctispiritus.cu\/es\/wp-content\/uploads\/q3-25-2048x1423.jpg 2048w\" sizes=\"(max-width: 600px) 100vw, 600px\" \/><p id=\"caption-attachment-64917\" class=\"wp-caption-text\">Elsa Ramos Ram\u00edrez (primer plano), ganadora de su sexto galard\u00f3n en el Premio Nacional de Periodismo Juan Gualberto G\u00f3mez, fue agasajada en la celebraci\u00f3n.<\/p><\/div>\n<p>&nbsp;<\/p>\n<div id=\"attachment_64918\" style=\"width: 610px\" class=\"wp-caption aligncenter\"><img decoding=\"async\" aria-describedby=\"caption-attachment-64918\" class=\"size-medium wp-image-64918\" src=\"https:\/\/www.radiosanctispiritus.cu\/es\/wp-content\/uploads\/q4-25-600x435.jpg\" alt=\"\" width=\"600\" height=\"435\" srcset=\"https:\/\/www.radiosanctispiritus.cu\/es\/wp-content\/uploads\/q4-25-600x435.jpg 600w, https:\/\/www.radiosanctispiritus.cu\/es\/wp-content\/uploads\/q4-25-1024x742.jpg 1024w, https:\/\/www.radiosanctispiritus.cu\/es\/wp-content\/uploads\/q4-25-768x557.jpg 768w, https:\/\/www.radiosanctispiritus.cu\/es\/wp-content\/uploads\/q4-25-1536x1114.jpg 1536w, https:\/\/www.radiosanctispiritus.cu\/es\/wp-content\/uploads\/q4-25-2048x1485.jpg 2048w\" sizes=\"(max-width: 600px) 100vw, 600px\" \/><p id=\"caption-attachment-64918\" class=\"wp-caption-text\">Alien Fern\u00e1ndez (D), realizador audiovisual, recibe reconocimiento de manos de Deivy P\u00e9rez Mart\u00edn (C), miembro del Comit\u00e9 Central del Partido Comunista de Cuba (PCC) y Alexis lOrente Jim\u00e9nez (I), gobernador del Gobierno Provincial.<\/p><\/div>\n<p>&nbsp;<\/p>\n<div id=\"attachment_64919\" style=\"width: 610px\" class=\"wp-caption aligncenter\"><img decoding=\"async\" aria-describedby=\"caption-attachment-64919\" class=\"size-medium wp-image-64919\" src=\"https:\/\/www.radiosanctispiritus.cu\/es\/wp-content\/uploads\/q5-25-600x414.jpg\" alt=\"\" width=\"600\" height=\"414\" srcset=\"https:\/\/www.radiosanctispiritus.cu\/es\/wp-content\/uploads\/q5-25-600x414.jpg 600w, https:\/\/www.radiosanctispiritus.cu\/es\/wp-content\/uploads\/q5-25-1024x707.jpg 1024w, https:\/\/www.radiosanctispiritus.cu\/es\/wp-content\/uploads\/q5-25-768x530.jpg 768w, https:\/\/www.radiosanctispiritus.cu\/es\/wp-content\/uploads\/q5-25-1536x1060.jpg 1536w, https:\/\/www.radiosanctispiritus.cu\/es\/wp-content\/uploads\/q5-25-2048x1414.jpg 2048w\" sizes=\"(max-width: 600px) 100vw, 600px\" \/><p id=\"caption-attachment-64919\" class=\"wp-caption-text\">Arelys Garc\u00eda Acosta (D), otra de las periodistas galardonadas en la conmemoraci\u00f3n.<\/p><\/div>\n<p>&nbsp;<\/p>\n<div id=\"attachment_64920\" style=\"width: 610px\" class=\"wp-caption aligncenter\"><img decoding=\"async\" aria-describedby=\"caption-attachment-64920\" class=\"size-medium wp-image-64920\" src=\"https:\/\/www.radiosanctispiritus.cu\/es\/wp-content\/uploads\/q6-20-600x491.jpg\" alt=\"\" width=\"600\" height=\"491\" srcset=\"https:\/\/www.radiosanctispiritus.cu\/es\/wp-content\/uploads\/q6-20-600x491.jpg 600w, https:\/\/www.radiosanctispiritus.cu\/es\/wp-content\/uploads\/q6-20-1024x838.jpg 1024w, https:\/\/www.radiosanctispiritus.cu\/es\/wp-content\/uploads\/q6-20-768x628.jpg 768w, https:\/\/www.radiosanctispiritus.cu\/es\/wp-content\/uploads\/q6-20-1536x1257.jpg 1536w, https:\/\/www.radiosanctispiritus.cu\/es\/wp-content\/uploads\/q6-20-2048x1676.jpg 2048w, https:\/\/www.radiosanctispiritus.cu\/es\/wp-content\/uploads\/q6-20-145x120.jpg 145w\" sizes=\"(max-width: 600px) 100vw, 600px\" \/><p id=\"caption-attachment-64920\" class=\"wp-caption-text\">Varios fueron los premiados que recibieron hoy el reconocimiento.<\/p><\/div>\n<p>&nbsp;<\/p>\n<div id=\"attachment_64921\" style=\"width: 610px\" class=\"wp-caption aligncenter\"><img decoding=\"async\" aria-describedby=\"caption-attachment-64921\" class=\"size-medium wp-image-64921\" src=\"https:\/\/www.radiosanctispiritus.cu\/es\/wp-content\/uploads\/q7-12-600x446.jpg\" alt=\"\" width=\"600\" height=\"446\" srcset=\"https:\/\/www.radiosanctispiritus.cu\/es\/wp-content\/uploads\/q7-12-600x446.jpg 600w, https:\/\/www.radiosanctispiritus.cu\/es\/wp-content\/uploads\/q7-12-1024x762.jpg 1024w, https:\/\/www.radiosanctispiritus.cu\/es\/wp-content\/uploads\/q7-12-768x571.jpg 768w, https:\/\/www.radiosanctispiritus.cu\/es\/wp-content\/uploads\/q7-12-1536x1143.jpg 1536w, https:\/\/www.radiosanctispiritus.cu\/es\/wp-content\/uploads\/q7-12-2048x1524.jpg 2048w\" sizes=\"(max-width: 600px) 100vw, 600px\" \/><p id=\"caption-attachment-64921\" class=\"wp-caption-text\">Yosdany Morej\u00f3n (C), de Radio Sancti Sp\u00edritus, fue uno de los premiados.<\/p><\/div>\n<p>&nbsp;<\/p>\n<div id=\"attachment_64922\" style=\"width: 610px\" class=\"wp-caption aligncenter\"><img decoding=\"async\" aria-describedby=\"caption-attachment-64922\" class=\"size-medium wp-image-64922\" src=\"https:\/\/www.radiosanctispiritus.cu\/es\/wp-content\/uploads\/q8-8-600x448.jpg\" alt=\"\" width=\"600\" height=\"448\" srcset=\"https:\/\/www.radiosanctispiritus.cu\/es\/wp-content\/uploads\/q8-8-600x448.jpg 600w, https:\/\/www.radiosanctispiritus.cu\/es\/wp-content\/uploads\/q8-8-1024x765.jpg 1024w, https:\/\/www.radiosanctispiritus.cu\/es\/wp-content\/uploads\/q8-8-768x573.jpg 768w, https:\/\/www.radiosanctispiritus.cu\/es\/wp-content\/uploads\/q8-8-1536x1147.jpg 1536w, https:\/\/www.radiosanctispiritus.cu\/es\/wp-content\/uploads\/q8-8-2048x1529.jpg 2048w\" sizes=\"(max-width: 600px) 100vw, 600px\" \/><p id=\"caption-attachment-64922\" class=\"wp-caption-text\">Lisandra G\u00f3mez (D), fue una de las premiadas.<\/p><\/div>\n<p>&nbsp;<\/p>\n<p>&nbsp;<\/p>\n<p>&nbsp;<\/p>\n","protected":false},"excerpt":{"rendered":"<p>Cuando faltan apenas horas para un aniversario m\u00e1s de la fundaci\u00f3n de peri\u00f3dico Patria, por Jos\u00e9 Mart\u00ed, los periodistas espirituanos celebraron hoy el D\u00eda de la Prensa Cubana.<\/p>\n","protected":false},"author":15,"featured_media":64923,"comment_status":"open","ping_status":"open","sticky":false,"template":"","format":"standard","meta":{"_acf_changed":false,"footnotes":""},"categories":[12,11],"tags":[],"coauthors":[1884],"class_list":["post-64915","post","type-post","status-publish","format-standard","has-post-thumbnail","hentry","category-sugerencia","category-fotorreportaje"],"acf":[],"_links":{"self":[{"href":"https:\/\/www.radiosanctispiritus.cu\/es\/wp-json\/wp\/v2\/posts\/64915","targetHints":{"allow":["GET"]}}],"collection":[{"href":"https:\/\/www.radiosanctispiritus.cu\/es\/wp-json\/wp\/v2\/posts"}],"about":[{"href":"https:\/\/www.radiosanctispiritus.cu\/es\/wp-json\/wp\/v2\/types\/post"}],"author":[{"embeddable":true,"href":"https:\/\/www.radiosanctispiritus.cu\/es\/wp-json\/wp\/v2\/users\/15"}],"replies":[{"embeddable":true,"href":"https:\/\/www.radiosanctispiritus.cu\/es\/wp-json\/wp\/v2\/comments?post=64915"}],"version-history":[{"count":2,"href":"https:\/\/www.radiosanctispiritus.cu\/es\/wp-json\/wp\/v2\/posts\/64915\/revisions"}],"predecessor-version":[{"id":64925,"href":"https:\/\/www.radiosanctispiritus.cu\/es\/wp-json\/wp\/v2\/posts\/64915\/revisions\/64925"}],"wp:featuredmedia":[{"embeddable":true,"href":"https:\/\/www.radiosanctispiritus.cu\/es\/wp-json\/wp\/v2\/media\/64923"}],"wp:attachment":[{"href":"https:\/\/www.radiosanctispiritus.cu\/es\/wp-json\/wp\/v2\/media?parent=64915"}],"wp:term":[{"taxonomy":"category","embeddable":true,"href":"https:\/\/www.radiosanctispiritus.cu\/es\/wp-json\/wp\/v2\/categories?post=64915"},{"taxonomy":"post_tag","embeddable":true,"href":"https:\/\/www.radiosanctispiritus.cu\/es\/wp-json\/wp\/v2\/tags?post=64915"},{"taxonomy":"author","embeddable":true,"href":"https:\/\/www.radiosanctispiritus.cu\/es\/wp-json\/wp\/v2\/coauthors?post=64915"}],"curies":[{"name":"wp","href":"https:\/\/api.w.org\/{rel}","templated":true}]}}