{"id":64913,"date":"2026-03-12T08:40:55","date_gmt":"2026-03-12T12:40:55","guid":{"rendered":"https:\/\/www.radiosanctispiritus.cu\/es\/?p=64913"},"modified":"2026-03-12T08:40:55","modified_gmt":"2026-03-12T12:40:55","slug":"emision-del-jueves-12-de-marzo-de-2026","status":"publish","type":"post","link":"https:\/\/www.radiosanctispiritus.cu\/es\/emision-del-jueves-12-de-marzo-de-2026\/","title":{"rendered":"Emisi\u00f3n del jueves, 12 de marzo de 2026"},"content":{"rendered":"<p>En esta emisi\u00f3n de Noticiero Un Paso M\u00e1s, comenzamos honrando el D\u00eda de la Prensa Cubana en Sancti Sp\u00edritus, donde destacamos la entrega del Premio Provincial por la Obra de la Vida Tom\u00e1s \u00c1lvarez de los R\u00edos al periodista Oscar Alfonso Sosa. Precisamente en el marco de esta celebraci\u00f3n, abordamos un profundo debate nacional sobre los desaf\u00edos del periodismo en la era digital, donde j\u00f3venes profesionales y acad\u00e9micos analizaron la relaci\u00f3n entre los medios tradicionales y los creadores de contenido, as\u00ed como la necesidad de mantener la credibilidad y conectar genuinamente con las audiencias en las redes sociales.<\/p>\n<p>Adem\u00e1s, en nuestra agenda informativa, nos acercamos a la calidad del tabaco espirituano y a la historia del trabajador Isa\u00edas \u00c1lvarez Rodr\u00edguez, quien desde su veh\u00edculo el\u00e9ctrico garantiza la log\u00edstica del sistema de salud provincial. En el \u00e1mbito internacional, nuestro segmento Ventana Global trae la escalada de tensiones en el Medio Oriente, con las operaciones militares de Ir\u00e1n en el estrecho de Ormuz contra buques vinculados a Estados Unidos e Israel, una situaci\u00f3n que amenaza con alterar el mercado petrolero global. Cerramos con una nota curiosa: el r\u00e9cord Guinness de un chocolatero en Malta, que cre\u00f3 una impresionante escultura de chocolate de m\u00e1s de 55 metros.<\/p>\n<p>C\u00f3digo de inserci\u00f3n: <iframe src=\"https:\/\/www.ivoox.com\/player_ej_170023974_6_1.html?c1=a30707\" width=\"100%\" height=\"200\" frameborder=\"0\" allowfullscreen=\"\" scrolling=\"no\" loading=\"lazy\"><\/iframe><\/p>\n","protected":false},"excerpt":{"rendered":"<p>En esta emisi\u00f3n de Noticiero Un Paso M\u00e1s, comenzamos honrando el D\u00eda de la Prensa Cubana en Sancti Sp\u00edritus, donde destacamos la entrega del Premio Provincial por la Obra de la Vida Tom\u00e1s \u00c1lvarez de los R\u00edos al periodista Oscar Alfonso Sosa. Precisamente en el marco de esta celebraci\u00f3n, abordamos un profundo debate nacional sobre [&hellip;]<\/p>\n","protected":false},"author":4,"featured_media":62285,"comment_status":"open","ping_status":"open","sticky":false,"template":"","format":"audio","meta":{"_acf_changed":false,"footnotes":""},"categories":[10,2163],"tags":[1768],"coauthors":[1883],"class_list":["post-64913","post","type-post","status-publish","format-audio","has-post-thumbnail","hentry","category-programas-de-radio","category-un-paso-mas","tag-un-paso-mas","post_format-post-format-audio"],"acf":[],"_links":{"self":[{"href":"https:\/\/www.radiosanctispiritus.cu\/es\/wp-json\/wp\/v2\/posts\/64913","targetHints":{"allow":["GET"]}}],"collection":[{"href":"https:\/\/www.radiosanctispiritus.cu\/es\/wp-json\/wp\/v2\/posts"}],"about":[{"href":"https:\/\/www.radiosanctispiritus.cu\/es\/wp-json\/wp\/v2\/types\/post"}],"author":[{"embeddable":true,"href":"https:\/\/www.radiosanctispiritus.cu\/es\/wp-json\/wp\/v2\/users\/4"}],"replies":[{"embeddable":true,"href":"https:\/\/www.radiosanctispiritus.cu\/es\/wp-json\/wp\/v2\/comments?post=64913"}],"version-history":[{"count":1,"href":"https:\/\/www.radiosanctispiritus.cu\/es\/wp-json\/wp\/v2\/posts\/64913\/revisions"}],"predecessor-version":[{"id":64914,"href":"https:\/\/www.radiosanctispiritus.cu\/es\/wp-json\/wp\/v2\/posts\/64913\/revisions\/64914"}],"wp:featuredmedia":[{"embeddable":true,"href":"https:\/\/www.radiosanctispiritus.cu\/es\/wp-json\/wp\/v2\/media\/62285"}],"wp:attachment":[{"href":"https:\/\/www.radiosanctispiritus.cu\/es\/wp-json\/wp\/v2\/media?parent=64913"}],"wp:term":[{"taxonomy":"category","embeddable":true,"href":"https:\/\/www.radiosanctispiritus.cu\/es\/wp-json\/wp\/v2\/categories?post=64913"},{"taxonomy":"post_tag","embeddable":true,"href":"https:\/\/www.radiosanctispiritus.cu\/es\/wp-json\/wp\/v2\/tags?post=64913"},{"taxonomy":"author","embeddable":true,"href":"https:\/\/www.radiosanctispiritus.cu\/es\/wp-json\/wp\/v2\/coauthors?post=64913"}],"curies":[{"name":"wp","href":"https:\/\/api.w.org\/{rel}","templated":true}]}}