{"id":64902,"date":"2026-03-12T07:53:58","date_gmt":"2026-03-12T11:53:58","guid":{"rendered":"https:\/\/www.radiosanctispiritus.cu\/es\/?p=64902"},"modified":"2026-03-12T07:53:58","modified_gmt":"2026-03-12T11:53:58","slug":"instituciones-de-salud-en-trinidad-respaldan-servicios-con-paneles-solares","status":"publish","type":"post","link":"https:\/\/www.radiosanctispiritus.cu\/es\/instituciones-de-salud-en-trinidad-respaldan-servicios-con-paneles-solares\/","title":{"rendered":"Instituciones de salud en Trinidad respaldan servicios con paneles solares"},"content":{"rendered":"<p>Las principales instituciones de salud p\u00fablica del municipio de Trinidad cuentan desde ahora con respaldo energ\u00e9tico gracias a la instalaci\u00f3n de kits fotovoltaicos, que garantizan servicios vitales en estos centros. Fuerzas especializadas de la sucursal de COPEXTEL en el territorio trabajan aceleradamente en el montaje de esta fuente de energ\u00eda renovable.<\/p>\n<p><iframe src=\"https:\/\/www.ivoox.com\/player_ej_169988626_6_1.html?c1=7a0d0b\" width=\"100%\" height=\"200\" frameborder=\"0\" allowfullscreen=\"\" scrolling=\"no\" loading=\"lazy\"><\/iframe><\/p>\n<p>Los beneficiarios incluyen los cuatro policl\u00ednicos del municipio: Celia S\u00e1nchez y Manuel de Jes\u00fas Lara, en la cabecera municipal; Ernesto Che Guevara, en Caracusey; y el de Condado, perteneciente al Plan Turquino. Tambi\u00e9n se incluyen los consultorios extendidos de Casilda y El Chorrito, en Topes de Collantes.<\/p>\n<p>El doctor Luis Manuel S\u00e1enz, director de Salud P\u00fablica en Trinidad, explic\u00f3 que esta tecnolog\u00eda aportar\u00e1 mayor estabilidad al aseguramiento de los cuerpos de guardia, la iluminaci\u00f3n de \u00e1reas clave, la conservaci\u00f3n de vacunas y otros servicios esenciales.<\/p>\n<p>Como parte del cambio de matriz energ\u00e9tica en un sector tan sensible como la salud, el hogar materno ya disfruta de este beneficio gracias al gesto solidario de la MIPYME GTI, que asumi\u00f3 la compra del kit y la instalaci\u00f3n del sistema. El directivo adelant\u00f3 que se prev\u00e9 incorporar esta tecnolog\u00eda a la casa de abuelos y, de manera progresiva, a los servicios del Hospital General Tom\u00e1s Carrera Galiano, que actualmente cuenta con grupo electr\u00f3geno para asegurar el funcionamiento de todas sus \u00e1reas.<\/p>\n","protected":false},"excerpt":{"rendered":"<p>Las principales instituciones de salud p\u00fablica del municipio de Trinidad cuentan desde ahora con respaldo energ\u00e9tico gracias a la instalaci\u00f3n de kits fotovoltaicos, que garantizan servicios vitales en estos centros.<\/p>\n","protected":false},"author":23,"featured_media":64903,"comment_status":"open","ping_status":"open","sticky":false,"template":"","format":"standard","meta":{"_acf_changed":false,"footnotes":""},"categories":[8,9,5,1],"tags":[825,24,40,54],"coauthors":[1899],"class_list":["post-64902","post","type-post","status-publish","format-standard","has-post-thumbnail","hentry","category-noticia","category-en-audio","category-salud","category-sancti-spiritus","tag-paneles-solares","tag-salud","tag-trinidad","tag-trinidad-de-cuba"],"acf":[],"_links":{"self":[{"href":"https:\/\/www.radiosanctispiritus.cu\/es\/wp-json\/wp\/v2\/posts\/64902","targetHints":{"allow":["GET"]}}],"collection":[{"href":"https:\/\/www.radiosanctispiritus.cu\/es\/wp-json\/wp\/v2\/posts"}],"about":[{"href":"https:\/\/www.radiosanctispiritus.cu\/es\/wp-json\/wp\/v2\/types\/post"}],"author":[{"embeddable":true,"href":"https:\/\/www.radiosanctispiritus.cu\/es\/wp-json\/wp\/v2\/users\/23"}],"replies":[{"embeddable":true,"href":"https:\/\/www.radiosanctispiritus.cu\/es\/wp-json\/wp\/v2\/comments?post=64902"}],"version-history":[{"count":1,"href":"https:\/\/www.radiosanctispiritus.cu\/es\/wp-json\/wp\/v2\/posts\/64902\/revisions"}],"predecessor-version":[{"id":64904,"href":"https:\/\/www.radiosanctispiritus.cu\/es\/wp-json\/wp\/v2\/posts\/64902\/revisions\/64904"}],"wp:featuredmedia":[{"embeddable":true,"href":"https:\/\/www.radiosanctispiritus.cu\/es\/wp-json\/wp\/v2\/media\/64903"}],"wp:attachment":[{"href":"https:\/\/www.radiosanctispiritus.cu\/es\/wp-json\/wp\/v2\/media?parent=64902"}],"wp:term":[{"taxonomy":"category","embeddable":true,"href":"https:\/\/www.radiosanctispiritus.cu\/es\/wp-json\/wp\/v2\/categories?post=64902"},{"taxonomy":"post_tag","embeddable":true,"href":"https:\/\/www.radiosanctispiritus.cu\/es\/wp-json\/wp\/v2\/tags?post=64902"},{"taxonomy":"author","embeddable":true,"href":"https:\/\/www.radiosanctispiritus.cu\/es\/wp-json\/wp\/v2\/coauthors?post=64902"}],"curies":[{"name":"wp","href":"https:\/\/api.w.org\/{rel}","templated":true}]}}