{"id":64894,"date":"2026-03-12T07:10:30","date_gmt":"2026-03-12T11:10:30","guid":{"rendered":"https:\/\/www.radiosanctispiritus.cu\/es\/?p=64894"},"modified":"2026-03-12T07:40:36","modified_gmt":"2026-03-12T11:40:36","slug":"escogidas-espirituanas-hablan-a-favor-de-la-calidad-del-tabaco","status":"publish","type":"post","link":"https:\/\/www.radiosanctispiritus.cu\/es\/escogidas-espirituanas-hablan-a-favor-de-la-calidad-del-tabaco\/","title":{"rendered":"Escogidas espirituanas hablan a favor de la calidad del tabaco"},"content":{"rendered":"<p>Las 29 escogidas de tabaco gestionadas por productores privados en la provincia de Sancti Sp\u00edritus han demostrado un impacto positivo tanto en la calidad del producto como en la generaci\u00f3n de empleo, una modalidad que se ha incrementado en los \u00faltimos a\u00f1os. As\u00ed lo confirm\u00f3 Carlos Gonz\u00e1lez, director de la Unidad Empresarial de Base Tabaco Tapado en el territorio.<\/p>\n<p><iframe src=\"https:\/\/www.ivoox.com\/player_ej_169989198_6_1.html?c1=7a0d0b\" width=\"100%\" height=\"200\" frameborder=\"0\" allowfullscreen=\"\" scrolling=\"no\" loading=\"lazy\"><\/iframe><\/p>\n<p>\u00abGanamos en la protecci\u00f3n del tabaco, en el cuidado, en los \u00edndices de calidad, en los porcentajes de capa\u00bb, explic\u00f3 Gonz\u00e1lez. Seg\u00fan el directivo, los campesinos realizan todo el proceso de beneficio del tabaco, desde la limpieza inicial hasta la clasificaci\u00f3n de las hojas con potencial para mejorar su calidad. El tabaco que no alcanza esos est\u00e1ndares se destina al consumo nacional.<\/p>\n<p>M\u00e1s de 600 personas han encontrado estabilidad laboral en estas escogidas, con un impacto significativo en mujeres y j\u00f3venes que antes se encontraban desvinculados del estudio y el trabajo. \u00abHa revolucionado todas las zonas donde est\u00e1n las escogidas, porque brinda fuerza de trabajo a las personas que viven en esos lugares\u00bb, afirm\u00f3 Gonz\u00e1lez.<\/p>\n<p>Muchos de estos trabajadores, luego de su experiencia en la escogida, contin\u00faan vinculados a las labores agr\u00edcolas con los propios productores, participando en tareas como la recolecci\u00f3n y el ensarte del tabaco.<\/p>\n<p>De acuerdo con la fuente, estas escogidas constituyen un ejemplo de encadenamiento efectivo entre el sector estatal y el privado, adem\u00e1s de facilitar una atenci\u00f3n integral a los trabajadores, incluyendo mejoras salariales. La experiencia consolida un modelo que beneficia tanto la calidad del tabaco espirituano como el desarrollo social de las comunidades rurales.<\/p>\n","protected":false},"excerpt":{"rendered":"<p>Las 29 escogidas de tabaco gestionadas por productores privados en la provincia de Sancti Sp\u00edritus han demostrado un impacto positivo tanto en la calidad del producto como en la generaci\u00f3n de empleo, una modalidad que se ha incrementado en los \u00faltimos a\u00f1os<\/p>\n","protected":false},"author":14,"featured_media":54621,"comment_status":"open","ping_status":"open","sticky":false,"template":"","format":"standard","meta":{"_acf_changed":false,"footnotes":""},"categories":[8,16,9,1],"tags":[2183,1780,789],"coauthors":[1915],"class_list":["post-64894","post","type-post","status-publish","format-standard","has-post-thumbnail","hentry","category-noticia","category-economia","category-en-audio","category-sancti-spiritus","tag-acopio-y-beneficio-de-tabaco","tag-sancti-spiritus","tag-tabacaleros"],"acf":[],"_links":{"self":[{"href":"https:\/\/www.radiosanctispiritus.cu\/es\/wp-json\/wp\/v2\/posts\/64894","targetHints":{"allow":["GET"]}}],"collection":[{"href":"https:\/\/www.radiosanctispiritus.cu\/es\/wp-json\/wp\/v2\/posts"}],"about":[{"href":"https:\/\/www.radiosanctispiritus.cu\/es\/wp-json\/wp\/v2\/types\/post"}],"author":[{"embeddable":true,"href":"https:\/\/www.radiosanctispiritus.cu\/es\/wp-json\/wp\/v2\/users\/14"}],"replies":[{"embeddable":true,"href":"https:\/\/www.radiosanctispiritus.cu\/es\/wp-json\/wp\/v2\/comments?post=64894"}],"version-history":[{"count":2,"href":"https:\/\/www.radiosanctispiritus.cu\/es\/wp-json\/wp\/v2\/posts\/64894\/revisions"}],"predecessor-version":[{"id":64896,"href":"https:\/\/www.radiosanctispiritus.cu\/es\/wp-json\/wp\/v2\/posts\/64894\/revisions\/64896"}],"wp:featuredmedia":[{"embeddable":true,"href":"https:\/\/www.radiosanctispiritus.cu\/es\/wp-json\/wp\/v2\/media\/54621"}],"wp:attachment":[{"href":"https:\/\/www.radiosanctispiritus.cu\/es\/wp-json\/wp\/v2\/media?parent=64894"}],"wp:term":[{"taxonomy":"category","embeddable":true,"href":"https:\/\/www.radiosanctispiritus.cu\/es\/wp-json\/wp\/v2\/categories?post=64894"},{"taxonomy":"post_tag","embeddable":true,"href":"https:\/\/www.radiosanctispiritus.cu\/es\/wp-json\/wp\/v2\/tags?post=64894"},{"taxonomy":"author","embeddable":true,"href":"https:\/\/www.radiosanctispiritus.cu\/es\/wp-json\/wp\/v2\/coauthors?post=64894"}],"curies":[{"name":"wp","href":"https:\/\/api.w.org\/{rel}","templated":true}]}}