{"id":64889,"date":"2026-03-12T07:34:06","date_gmt":"2026-03-12T11:34:06","guid":{"rendered":"https:\/\/www.radiosanctispiritus.cu\/es\/?p=64889"},"modified":"2026-03-12T08:24:32","modified_gmt":"2026-03-12T12:24:32","slug":"yosdany-morejon-el-cazador-de-historias-devenido-noticia","status":"publish","type":"post","link":"https:\/\/www.radiosanctispiritus.cu\/es\/yosdany-morejon-el-cazador-de-historias-devenido-noticia\/","title":{"rendered":"Yosdany Morej\u00f3n, el cazador de historias devenido noticia"},"content":{"rendered":"<p>\u00abLos huesos en los olivos. El lamentable asesinato en Guayos, Cabaigu\u00e1n, donde el cad\u00e1ver fue encontrado debajo de la losa de un ba\u00f1o. Me gusta sobre todo que las personas presten atenci\u00f3n a lo que yo digo. Y la mejor forma de lograrlo es con ese tipo de temas\u00bb.<\/p>\n<p>Es Yosdany Morej\u00f3n Ortega una de las firmas period\u00edsticas m\u00e1s habituales de nuestro \u00e9ter.<\/p>\n<p><iframe src=\"https:\/\/www.ivoox.com\/player_ej_169696899_6_1.html?c1=7a0d0b\" width=\"100%\" height=\"200\" frameborder=\"0\" scrolling=\"no\" allowfullscreen=\"allowfullscreen\"><\/iframe><\/p>\n<p>\u00abLa prensa cubana necesita eso. Y adem\u00e1s el pueblo conf\u00eda en m\u00ed para esclarecer estos temas que son dif\u00edciles. Pero s\u00ed, a veces busco ese sensacionalismo, pero para eso, para que las personas presten atenci\u00f3n, no se vayan por la bola de trapo, como se dice, y tomen de primera mano de los medios oficiales la verdad de lo que ha sucedido\u00bb.<\/p>\n<p>Con ese estilo, crea historias, hurga en sucesos menos visibles en los medios p\u00fablicos, desaf\u00eda no haber salido de la academia period\u00edstica, se reinventa.<\/p>\n<p>\u00abMe licenci\u00e9 en Espa\u00f1ol Literatura, que me dio mucha cultura general. Un d\u00eda me proponen en Radio Vitral que hac\u00eda falta periodista, que si me interesaba asumir como periodista, y siempre me gustaron los retos profesionales. Matricul\u00e9 aqu\u00ed en Radio Sancti Sp\u00edritus en un curso de formaci\u00f3n period\u00edstica con Elsa Ramos, de habilitaci\u00f3n period\u00edstica, y poco a poco fui aprendiendo con el paso del tiempo. Yo creo que la primera informaci\u00f3n que logr\u00e9 escribir, que yo dijera me qued\u00f3 bien, me demor\u00f3 un a\u00f1o aproximadamente. Dominar esta profesi\u00f3n es muy dif\u00edcil, ni siquiera me atrevo a decir que la domino ni nada, pero hay algunas cosas que quedan mejor que otras, algunos g\u00e9neros que se me dan mejor que otros. Y lo que he encontrado en la profesi\u00f3n sobre todo fue, o es, una forma de eliminar mi timidez\u00bb.<\/p>\n<p>De Radio Vitral, en el coraz\u00f3n de la ciudad de Sancti Sp\u00edritus, a la Rep\u00fablica Bolivariana de Venezuela. Yosdany Morej\u00f3n Ortega se volvi\u00f3 la voz de Cuba desde esa otra latitud latinoamericana.<\/p>\n<p>\u00abFue una escuela, indudablemente. Ten\u00eda que grabar para todas las emisoras nacionales y hacer una versi\u00f3n para Radio Reloj. Nunca dej\u00e9 de entrar ni un solo d\u00eda. Me dec\u00edan que era la primera vez que un periodista lo lograba. Que lo logr\u00e9 porque sal\u00ed de una emisora municipal, que hab\u00eda que trabajar todos los d\u00edas y te haces ese h\u00e1bito y trat\u00e9 de mantenerlo en Venezuela. Disfrut\u00e9 much\u00edsimo, aprend\u00ed mucho de Gianni L\u00f3pez Brito. Tuve un gran colega al lado, un gran maestro\u00bb.<\/p>\n<p>Y una an\u00e9cdota imborrable:<\/p>\n<p>\u00abO sea, sal\u00ed a buscar comida realmente, tienes que comprarte la comida, tienes que vivir, tienes que comer. Y hab\u00eda un tiroteo bien cerca, hab\u00eda un enfrentamiento entre la polic\u00eda local y all\u00e1 en Venezuela dicen los malandros. Y una bala de ese tiroteo, una bala perdida, me roz\u00f3 la oreja. Imag\u00ednate, ese sonido jam\u00e1s se me va a olvidar. Parec\u00eda una tormenta que ven\u00eda de atr\u00e1s as\u00ed hasta que impact\u00f3 contra la reja del local donde yo estaba esperando al frente\u00bb.<\/p>\n<p>De regreso a casa, con ese susto, otras an\u00e9cdotas y muchas ense\u00f1anzas, su firma se abri\u00f3 paso por varias emisoras nacionales, Cubadebate y m\u00e1s tarde se afinc\u00f3 en Radio Sancti Sp\u00edritus, no solo con publicaciones para la antena, sino en su sitio web.<\/p>\n<p>\u00abA m\u00ed me interes\u00f3 sobre todo seguir colaborando con Radio Reloj, porque si algo me ense\u00f1\u00f3 en Venezuela, adem\u00e1s lo que te dije, fue escribir ese minuto de Radio Reloj, que es tan, tan, tan sencillo, pero tan dif\u00edcil a la vez, que una vez que lo logras es como que te enamoras, es como crear una obra todos los d\u00edas, ese minuto, contar una historia, una noticia en 959 caracteres. Y adem\u00e1s, esa es la verdadera escuela de un periodista, dir\u00eda yo. Radio Reloj, esa escuela, ah\u00ed toqu\u00e9. Las dem\u00e1s emisoras me llamaron, quisieron mantener el v\u00ednculo conmigo. Luego fui a Escambray un a\u00f1o y medio. Y cuando finalmente termin\u00e9 ese a\u00f1o y medio en Escambray, pues ah\u00ed s\u00ed tuve que volver, ah\u00ed s\u00ed toqu\u00e9 todas las puertas porque tuve que decirles a todos que hab\u00eda terminado y que estaba de regreso en la radio. Entonces, bueno, todo el mundo me volvi\u00f3 a abrir las puertas, cosa que agradezco\u00bb.<\/p>\n<p>\u00abMe fue gustando escribir, fue como otro reto que me plante\u00e9. Bueno, si hago radio, puedo escribir, nunca imagin\u00e9. Para m\u00ed es el m\u00e1s dif\u00edcil de todos esa prensa escrita. Es pasarte cinco, cuatro, seis horas para lograr un reportaje y hasta m\u00e1s. Y entonces me gust\u00f3 ese lenguaje audiovisual que fui aprendiendo desde Venezuela y quise probar. Tambi\u00e9n vi que la forma de hacer audiovisuales, no solo en la provincia, en el pa\u00eds, hace un tiempito atr\u00e1s era como muy r\u00edgida, como muy esquem\u00e1tica, que hac\u00eda falta otra cosa, tipo plan youtuber, m\u00e1s cercano a la gente. Y eso es lo que trat\u00e9 de llevar. En Escambray fue un tanto serio al principio, pero me fue dando esa confianza que gan\u00e9 para despu\u00e9s entonces llegar al mochilero ac\u00e1 en Radio Sancti Sp\u00edritus, que es m\u00e1s desenfadado\u00bb.<\/p>\n","protected":false},"excerpt":{"rendered":"<p>De Radio Vitral, en el coraz\u00f3n de la ciudad de Sancti Sp\u00edritus, a la Rep\u00fablica Bolivariana de Venezuela. Yosdany Morej\u00f3n Ortega se volvi\u00f3 la voz de Cuba desde esa otra latitud latinoamericana.<\/p>\n","protected":false},"author":12,"featured_media":64890,"comment_status":"open","ping_status":"open","sticky":false,"template":"","format":"standard","meta":{"_acf_changed":false,"footnotes":""},"categories":[8,9,1],"tags":[697,167,1780,2193],"coauthors":[1864],"class_list":["post-64889","post","type-post","status-publish","format-standard","has-post-thumbnail","hentry","category-noticia","category-en-audio","category-sancti-spiritus","tag-periodismo","tag-periodistas","tag-sancti-spiritus","tag-testimonio"],"acf":[],"_links":{"self":[{"href":"https:\/\/www.radiosanctispiritus.cu\/es\/wp-json\/wp\/v2\/posts\/64889","targetHints":{"allow":["GET"]}}],"collection":[{"href":"https:\/\/www.radiosanctispiritus.cu\/es\/wp-json\/wp\/v2\/posts"}],"about":[{"href":"https:\/\/www.radiosanctispiritus.cu\/es\/wp-json\/wp\/v2\/types\/post"}],"author":[{"embeddable":true,"href":"https:\/\/www.radiosanctispiritus.cu\/es\/wp-json\/wp\/v2\/users\/12"}],"replies":[{"embeddable":true,"href":"https:\/\/www.radiosanctispiritus.cu\/es\/wp-json\/wp\/v2\/comments?post=64889"}],"version-history":[{"count":4,"href":"https:\/\/www.radiosanctispiritus.cu\/es\/wp-json\/wp\/v2\/posts\/64889\/revisions"}],"predecessor-version":[{"id":64912,"href":"https:\/\/www.radiosanctispiritus.cu\/es\/wp-json\/wp\/v2\/posts\/64889\/revisions\/64912"}],"wp:featuredmedia":[{"embeddable":true,"href":"https:\/\/www.radiosanctispiritus.cu\/es\/wp-json\/wp\/v2\/media\/64890"}],"wp:attachment":[{"href":"https:\/\/www.radiosanctispiritus.cu\/es\/wp-json\/wp\/v2\/media?parent=64889"}],"wp:term":[{"taxonomy":"category","embeddable":true,"href":"https:\/\/www.radiosanctispiritus.cu\/es\/wp-json\/wp\/v2\/categories?post=64889"},{"taxonomy":"post_tag","embeddable":true,"href":"https:\/\/www.radiosanctispiritus.cu\/es\/wp-json\/wp\/v2\/tags?post=64889"},{"taxonomy":"author","embeddable":true,"href":"https:\/\/www.radiosanctispiritus.cu\/es\/wp-json\/wp\/v2\/coauthors?post=64889"}],"curies":[{"name":"wp","href":"https:\/\/api.w.org\/{rel}","templated":true}]}}