{"id":64874,"date":"2026-03-11T19:20:21","date_gmt":"2026-03-11T23:20:21","guid":{"rendered":"https:\/\/www.radiosanctispiritus.cu\/es\/?p=64874"},"modified":"2026-03-11T15:16:55","modified_gmt":"2026-03-11T19:16:55","slug":"celebran-en-sancti-spiritus-aniversario-117-de-la-cruz-roja-cubana","status":"publish","type":"post","link":"https:\/\/www.radiosanctispiritus.cu\/es\/celebran-en-sancti-spiritus-aniversario-117-de-la-cruz-roja-cubana\/","title":{"rendered":"Celebran en Sancti Sp\u00edritus aniversario 117 de la Cruz Roja Cubana"},"content":{"rendered":"<p>La Cruz Roja Cubana arriba su aniversario 117 con un amplio programa de actividades en la provincia de Sancti Spiritus, destinado a resaltar su historia, principios y labor humanitaria.<\/p>\n<p>Las acciones involucran a voluntarios, trabajadores asalariados y representantes de entidades que cooperan habitualmente con la organizaci\u00f3n.<\/p>\n<p>Entre las iniciativas destacan los matutinos especiales, donde se respalda la trayectoria de la Cruz Roja y se reafirman sus principios fundamentales de humanidad, neutralidad e imparcialidad. Durante estos encuentros se otorgan reconocimientos a voluntarios y compa\u00f1eros m\u00e1s destacados por su dedicaci\u00f3n.<\/p>\n<p>La efem\u00e9ride ha propiciado adem\u00e1s el intercambio de experiencias con los servicios m\u00e9dicos de urgencia, los bomberos y el centro provincial de gesti\u00f3n de riesgo, fortaleciendo los v\u00ednculos entre instituciones implicadas en la respuesta a emergencias.<\/p>\n<p>Una de las actividades m\u00e1s significativas ocurre en el Consejo Popular de Olivos III, donde la Cruz Roja desarrolla pr\u00e1cticas de primeros auxilios, uso de la medicina natural y tradicional en situaciones de desastre y temas vinculados al derecho internacional humanitario. Con este programa conmemorativo, la Cruz Roja espirituana celebra m\u00e1s de un siglo de entrega, promoviendo la preparaci\u00f3n, la solidaridad y la participaci\u00f3n comunitaria en favor de la vida.<\/p>\n<p><iframe src=\"https:\/\/www.ivoox.com\/player_ej_169878556_6_1.html?c1=7a0d0b\" width=\"100%\" height=\"200\" frameborder=\"0\" scrolling=\"no\" allowfullscreen=\"allowfullscreen\"><\/iframe><\/p>\n","protected":false},"excerpt":{"rendered":"<p>La Cruz Roja Cubana arriba su aniversario 117 con un amplio programa de actividades en la provincia de Sancti Spiritus, destinado a resaltar su historia, principios y labor humanitaria. Las acciones involucran a voluntarios, trabajadores asalariados y representantes de entidades que cooperan habitualmente con la organizaci\u00f3n. Entre las iniciativas destacan los matutinos especiales, donde se [&hellip;]<\/p>\n","protected":false},"author":18,"featured_media":64878,"comment_status":"open","ping_status":"open","sticky":false,"template":"","format":"standard","meta":{"_acf_changed":false,"footnotes":""},"categories":[9,5,1],"tags":[],"coauthors":[1874],"class_list":["post-64874","post","type-post","status-publish","format-standard","has-post-thumbnail","hentry","category-en-audio","category-salud","category-sancti-spiritus"],"acf":[],"_links":{"self":[{"href":"https:\/\/www.radiosanctispiritus.cu\/es\/wp-json\/wp\/v2\/posts\/64874","targetHints":{"allow":["GET"]}}],"collection":[{"href":"https:\/\/www.radiosanctispiritus.cu\/es\/wp-json\/wp\/v2\/posts"}],"about":[{"href":"https:\/\/www.radiosanctispiritus.cu\/es\/wp-json\/wp\/v2\/types\/post"}],"author":[{"embeddable":true,"href":"https:\/\/www.radiosanctispiritus.cu\/es\/wp-json\/wp\/v2\/users\/18"}],"replies":[{"embeddable":true,"href":"https:\/\/www.radiosanctispiritus.cu\/es\/wp-json\/wp\/v2\/comments?post=64874"}],"version-history":[{"count":1,"href":"https:\/\/www.radiosanctispiritus.cu\/es\/wp-json\/wp\/v2\/posts\/64874\/revisions"}],"predecessor-version":[{"id":64879,"href":"https:\/\/www.radiosanctispiritus.cu\/es\/wp-json\/wp\/v2\/posts\/64874\/revisions\/64879"}],"wp:featuredmedia":[{"embeddable":true,"href":"https:\/\/www.radiosanctispiritus.cu\/es\/wp-json\/wp\/v2\/media\/64878"}],"wp:attachment":[{"href":"https:\/\/www.radiosanctispiritus.cu\/es\/wp-json\/wp\/v2\/media?parent=64874"}],"wp:term":[{"taxonomy":"category","embeddable":true,"href":"https:\/\/www.radiosanctispiritus.cu\/es\/wp-json\/wp\/v2\/categories?post=64874"},{"taxonomy":"post_tag","embeddable":true,"href":"https:\/\/www.radiosanctispiritus.cu\/es\/wp-json\/wp\/v2\/tags?post=64874"},{"taxonomy":"author","embeddable":true,"href":"https:\/\/www.radiosanctispiritus.cu\/es\/wp-json\/wp\/v2\/coauthors?post=64874"}],"curies":[{"name":"wp","href":"https:\/\/api.w.org\/{rel}","templated":true}]}}