{"id":64851,"date":"2026-03-11T08:11:04","date_gmt":"2026-03-11T12:11:04","guid":{"rendered":"https:\/\/www.radiosanctispiritus.cu\/es\/?p=64851"},"modified":"2026-03-11T14:36:46","modified_gmt":"2026-03-11T18:36:46","slug":"trabajadores-de-aseguramiento-y-servicios-a-la-salud-por-mantener-resultados-a-nivel-de-pais","status":"publish","type":"post","link":"https:\/\/www.radiosanctispiritus.cu\/es\/trabajadores-de-aseguramiento-y-servicios-a-la-salud-por-mantener-resultados-a-nivel-de-pais\/","title":{"rendered":"Trabajadores de Aseguramiento y Servicios a la salud por mantener resultados a nivel de pa\u00eds"},"content":{"rendered":"<p>Con indicadores sobresalientes en su gesti\u00f3n integral durante 2025, la Empresa Provincial de Aseguramiento y Servicios a la Salud en Sancti Sp\u00edritus demostr\u00f3 la unidad, fuerza y creatividad de sus trabajadores, seg\u00fan confirm\u00f3 su directora general, Aimee Cubas Puerto.<\/p>\n<p><iframe src=\"https:\/\/www.ivoox.com\/player_ej_169874308_6_1.html?c1=7a0d0b\" width=\"100%\" height=\"200\" frameborder=\"0\" scrolling=\"no\" allowfullscreen=\"allowfullscreen\"><\/iframe><\/p>\n<p>Entre los principales logros del a\u00f1o, Cubas destac\u00f3 la certificaci\u00f3n de la contabilidad y el control interno, as\u00ed como el sobrecumplimiento del plan de ventas, que alcanz\u00f3 el 123 % \u2014de un plan de 55 millones de pesos se obtuvieron m\u00e1s de 68 millones\u2014. Estos resultados permitieron a la entidad recuperar su solvencia y liquidez financiera, cerrar el a\u00f1o con inventarios disponibles y comenzar en mejores condiciones el 2026.<\/p>\n<p>Actualmente, la empresa ostenta la condici\u00f3n de Colectivo Vanguardia Nacional y se propone ratificarla por segundo a\u00f1o consecutivo. Para ello, sus trabajadores se han trazado como metas continuar cumpliendo el plan de ventas, cerrar con utilidades, mantener la certificaci\u00f3n contable y del control interno, completar la fuerza laboral y consolidar los indicadores de eficiencia.<\/p>\n<p>\u00abDemostramos que la empresa es posible sostenerla\u00bb, afirm\u00f3 Cubas Puerto, en un contexto donde la estabilidad y los resultados econ\u00f3micos integrales avalan la gesti\u00f3n de esta entidad espirituana a nivel de pa\u00eds.<\/p>\n","protected":false},"excerpt":{"rendered":"<p>Con indicadores sobresalientes en su gesti\u00f3n integral durante 2025, la Empresa Provincial de Aseguramiento y Servicios a la Salud en Sancti Sp\u00edritus demostr\u00f3 la unidad, fuerza y creatividad de sus trabajadores<\/p>\n","protected":false},"author":151,"featured_media":63149,"comment_status":"open","ping_status":"open","sticky":false,"template":"","format":"standard","meta":{"_acf_changed":false,"footnotes":""},"categories":[8,9,5,1],"tags":[],"coauthors":[1941],"class_list":["post-64851","post","type-post","status-publish","format-standard","has-post-thumbnail","hentry","category-noticia","category-en-audio","category-salud","category-sancti-spiritus"],"acf":[],"_links":{"self":[{"href":"https:\/\/www.radiosanctispiritus.cu\/es\/wp-json\/wp\/v2\/posts\/64851","targetHints":{"allow":["GET"]}}],"collection":[{"href":"https:\/\/www.radiosanctispiritus.cu\/es\/wp-json\/wp\/v2\/posts"}],"about":[{"href":"https:\/\/www.radiosanctispiritus.cu\/es\/wp-json\/wp\/v2\/types\/post"}],"author":[{"embeddable":true,"href":"https:\/\/www.radiosanctispiritus.cu\/es\/wp-json\/wp\/v2\/users\/151"}],"replies":[{"embeddable":true,"href":"https:\/\/www.radiosanctispiritus.cu\/es\/wp-json\/wp\/v2\/comments?post=64851"}],"version-history":[{"count":3,"href":"https:\/\/www.radiosanctispiritus.cu\/es\/wp-json\/wp\/v2\/posts\/64851\/revisions"}],"predecessor-version":[{"id":64871,"href":"https:\/\/www.radiosanctispiritus.cu\/es\/wp-json\/wp\/v2\/posts\/64851\/revisions\/64871"}],"wp:featuredmedia":[{"embeddable":true,"href":"https:\/\/www.radiosanctispiritus.cu\/es\/wp-json\/wp\/v2\/media\/63149"}],"wp:attachment":[{"href":"https:\/\/www.radiosanctispiritus.cu\/es\/wp-json\/wp\/v2\/media?parent=64851"}],"wp:term":[{"taxonomy":"category","embeddable":true,"href":"https:\/\/www.radiosanctispiritus.cu\/es\/wp-json\/wp\/v2\/categories?post=64851"},{"taxonomy":"post_tag","embeddable":true,"href":"https:\/\/www.radiosanctispiritus.cu\/es\/wp-json\/wp\/v2\/tags?post=64851"},{"taxonomy":"author","embeddable":true,"href":"https:\/\/www.radiosanctispiritus.cu\/es\/wp-json\/wp\/v2\/coauthors?post=64851"}],"curies":[{"name":"wp","href":"https:\/\/api.w.org\/{rel}","templated":true}]}}