{"id":64837,"date":"2026-03-11T09:29:19","date_gmt":"2026-03-11T13:29:19","guid":{"rendered":"https:\/\/www.radiosanctispiritus.cu\/es\/?p=64837"},"modified":"2026-03-11T20:03:21","modified_gmt":"2026-03-12T00:03:21","slug":"sancti-spiritus-una-casa-que-aprendio-a-guardar-el-sol","status":"publish","type":"post","link":"https:\/\/www.radiosanctispiritus.cu\/es\/sancti-spiritus-una-casa-que-aprendio-a-guardar-el-sol\/","title":{"rendered":"Sancti Sp\u00edritus: Una casa que aprendi\u00f3 a guardar el sol"},"content":{"rendered":"<p>En la casa de Rolando Jim\u00e9nez Valdivia el sol dej\u00f3 de ser solamente una presencia habitual en el techo para convertirse, tambi\u00e9n, en electricidad.<\/p>\n<p>La transformaci\u00f3n puede parecer peque\u00f1a si se mira desde lejos: un panel fotovoltaico instalado sobre la placa y una estaci\u00f3n de almacenamiento apoyada discretamente dentro de la vivienda. Sin embargo, para quienes viven all\u00ed \u2014Rolando, su esposa e hija y hasta los seis perros que corretean por el patio\u2014 la diferencia se mide en detalles cotidianos: una l\u00e1mpara que permanece encendida durante la noche, un ventilador que vuelve a girar cuando el calor aprieta, un televisor que prende cuando la electricidad del sistema nacional se ausenta.<\/p>\n<p><iframe src=\"https:\/\/www.ivoox.com\/player_ej_169787821_6_1.html?c1=7a0d0b\" width=\"100%\" height=\"200\" frameborder=\"0\" scrolling=\"no\" allowfullscreen=\"allowfullscreen\"><\/iframe><\/p>\n<p>No es una soluci\u00f3n absoluta ni pretende serlo. Pero s\u00ed un alivio real en medio de la rutina de los apagones que hoy marca la vida de millones de cubanos.<\/p>\n<p>Rolando tiene 62 a\u00f1os y durante buena parte de su vida laboral ha conducido veh\u00edculos vinculados al turismo y a la agencia Taxis Cuba en la provincia de Sancti Sp\u00edritus. Es chofer desde hace d\u00e9cadas, de esos trabajadores que pasan gran parte de su existencia entre carreteras, horarios exigentes y responsabilidades silenciosas que pocas veces ocupan titulares, pero que sostienen la vida diaria de un pa\u00eds.<\/p>\n<p>Por esa trayectoria recibi\u00f3 una de las m\u00e1s altas condecoraciones laborales que se entregan en Cuba: la condici\u00f3n de H\u00e9roe del Trabajo de la Rep\u00fablica y cuando habla de ese reconocimiento lo hace sin exageraciones, con la serenidad de quien siente que simplemente cumpli\u00f3 con su deber: \u201cEsta distinci\u00f3n me la dieron por los resultados del trabajo. Yo estuve 29 a\u00f1os siendo Vanguardia Nacional\u201d, dice.<\/p>\n<h3><strong>Cuando el sol entra al circuito<\/strong><\/h3>\n<div id=\"attachment_64839\" style=\"width: 610px\" class=\"wp-caption aligncenter\"><img decoding=\"async\" aria-describedby=\"caption-attachment-64839\" class=\"size-medium wp-image-64839\" src=\"https:\/\/www.radiosanctispiritus.cu\/es\/wp-content\/uploads\/Rolando-tiene-62-anos-y-durante-buena-parte-de-su-vida-laboral-ha-conducido-vehiculos-vinculados-al-turismo-y-a-la-agencia-Taxis-Cuba-en-la-provincia-de-Sancti-Spiritus.-Foto-Yosdany-Morejon-600x276.jpg\" alt=\"\" width=\"600\" height=\"276\" srcset=\"https:\/\/www.radiosanctispiritus.cu\/es\/wp-content\/uploads\/Rolando-tiene-62-anos-y-durante-buena-parte-de-su-vida-laboral-ha-conducido-vehiculos-vinculados-al-turismo-y-a-la-agencia-Taxis-Cuba-en-la-provincia-de-Sancti-Spiritus.-Foto-Yosdany-Morejon-600x276.jpg 600w, https:\/\/www.radiosanctispiritus.cu\/es\/wp-content\/uploads\/Rolando-tiene-62-anos-y-durante-buena-parte-de-su-vida-laboral-ha-conducido-vehiculos-vinculados-al-turismo-y-a-la-agencia-Taxis-Cuba-en-la-provincia-de-Sancti-Spiritus.-Foto-Yosdany-Morejon-1024x471.jpg 1024w, https:\/\/www.radiosanctispiritus.cu\/es\/wp-content\/uploads\/Rolando-tiene-62-anos-y-durante-buena-parte-de-su-vida-laboral-ha-conducido-vehiculos-vinculados-al-turismo-y-a-la-agencia-Taxis-Cuba-en-la-provincia-de-Sancti-Spiritus.-Foto-Yosdany-Morejon-768x353.jpg 768w, https:\/\/www.radiosanctispiritus.cu\/es\/wp-content\/uploads\/Rolando-tiene-62-anos-y-durante-buena-parte-de-su-vida-laboral-ha-conducido-vehiculos-vinculados-al-turismo-y-a-la-agencia-Taxis-Cuba-en-la-provincia-de-Sancti-Spiritus.-Foto-Yosdany-Morejon-1536x707.jpg 1536w, https:\/\/www.radiosanctispiritus.cu\/es\/wp-content\/uploads\/Rolando-tiene-62-anos-y-durante-buena-parte-de-su-vida-laboral-ha-conducido-vehiculos-vinculados-al-turismo-y-a-la-agencia-Taxis-Cuba-en-la-provincia-de-Sancti-Spiritus.-Foto-Yosdany-Morejon-2048x942.jpg 2048w\" sizes=\"(max-width: 600px) 100vw, 600px\" \/><p id=\"caption-attachment-64839\" class=\"wp-caption-text\">Rolando tiene 62 a\u00f1os y durante buena parte de su vida laboral ha conducido veh\u00edculos vinculados al turismo y a la agencia Taxis Cuba en la provincia de Sancti Sp\u00edritus. Foto: Yosdany Morej\u00f3n<\/p><\/div>\n<p>La medalla de Rolando lleg\u00f3 despu\u00e9s de d\u00e9cadas de madrugadas, rutas y disciplina laboral, pero a\u00f1os m\u00e1s tarde otra noticia tocar\u00eda a la puerta de su casa: la posibilidad de recibir un m\u00f3dulo fotovoltaico destinado a H\u00e9roes del Trabajo, un gesto que busca reconocer a esos grandes seres humanos y, al mismo tiempo, contribuir con soluciones energ\u00e9ticas en los hogares.<\/p>\n<p>De hecho, todav\u00eda recuerda c\u00f3mo lleg\u00f3 aquella informaci\u00f3n: \u201cLa secretaria de la CTC nos llam\u00f3. Nos dijeron que hab\u00eda un m\u00f3dulo fotovoltaico para nosotros y que nos iban a avisar el d\u00eda para ir a buscarlo\u201d.<\/p>\n<p>La noticia, sencilla como una llamada telef\u00f3nica, terminar\u00eda transformando la vida misma de la casa.<\/p>\n<p>Fue una gesti\u00f3n casi dom\u00e9stica, como muchas de las cosas importantes que terminan cambiando la vida de las personas. As\u00ed lleg\u00f3 hasta Copextel y regres\u00f3 a casa con la curiosidad de quien trae algo nuevo entre las manos.<\/p>\n<p>\u201cSaqu\u00e9 el m\u00f3dulo: el panel de 400 Watts y la estaci\u00f3n de energ\u00eda de 1 200. Lo traje para la casa y lo instal\u00e9 yo mismo. Es muy f\u00e1cil, viene con todo: los angulares, los tornillos, los cables, los conectores. No falta nada\u201d.<\/p>\n<p>Mientras recuerda el proceso, Rolando se\u00f1ala hacia el techo de la vivienda, donde el panel permanece inclinado hacia el cielo, como si estuviera atento al movimiento del sol a lo largo del d\u00eda.<\/p>\n<p>La instalaci\u00f3n, asegura, fue m\u00e1s simple de lo que imaginaba. \u201cEs conectar y ya. Los cables son largos. Los fij\u00e9 en la placa y la estaci\u00f3n queda abajo, sobre la meseta de la cocina. En pocas horas con el sol se carga al cien por ciento\u201d, agrega.<\/p>\n<p>Habla con ese entusiasmo sereno que tienen las personas cuando descubren algo \u00fatil para la vida diaria. No hay alardes tecnol\u00f3gicos en sus palabras; hay, m\u00e1s bien, una satisfacci\u00f3n tranquila por haber encontrado una herramienta que funciona.<\/p>\n<p>El panel, silencioso sobre la placa, comienza entonces su trabajo cotidiano: capturar la energ\u00eda del sol que abunda en esta tierra y guardarla para cuando m\u00e1s falta hace.<\/p>\n<h3><strong>Un alivio contra los apagones<\/strong><\/h3>\n<div id=\"attachment_64842\" style=\"width: 610px\" class=\"wp-caption aligncenter\"><img decoding=\"async\" aria-describedby=\"caption-attachment-64842\" class=\"size-medium wp-image-64842\" src=\"https:\/\/www.radiosanctispiritus.cu\/es\/wp-content\/uploads\/Especialistas-del-sector-electrico-han-explicado-que-modulos-domesticos-de-este-tipo-permiten-sostener-consumos-basicos.-Foto-Yosdany-Morejon-600x276.jpg\" alt=\"\" width=\"600\" height=\"276\" srcset=\"https:\/\/www.radiosanctispiritus.cu\/es\/wp-content\/uploads\/Especialistas-del-sector-electrico-han-explicado-que-modulos-domesticos-de-este-tipo-permiten-sostener-consumos-basicos.-Foto-Yosdany-Morejon-600x276.jpg 600w, https:\/\/www.radiosanctispiritus.cu\/es\/wp-content\/uploads\/Especialistas-del-sector-electrico-han-explicado-que-modulos-domesticos-de-este-tipo-permiten-sostener-consumos-basicos.-Foto-Yosdany-Morejon-1024x471.jpg 1024w, https:\/\/www.radiosanctispiritus.cu\/es\/wp-content\/uploads\/Especialistas-del-sector-electrico-han-explicado-que-modulos-domesticos-de-este-tipo-permiten-sostener-consumos-basicos.-Foto-Yosdany-Morejon-768x353.jpg 768w, https:\/\/www.radiosanctispiritus.cu\/es\/wp-content\/uploads\/Especialistas-del-sector-electrico-han-explicado-que-modulos-domesticos-de-este-tipo-permiten-sostener-consumos-basicos.-Foto-Yosdany-Morejon-1536x707.jpg 1536w, https:\/\/www.radiosanctispiritus.cu\/es\/wp-content\/uploads\/Especialistas-del-sector-electrico-han-explicado-que-modulos-domesticos-de-este-tipo-permiten-sostener-consumos-basicos.-Foto-Yosdany-Morejon-2048x942.jpg 2048w\" sizes=\"(max-width: 600px) 100vw, 600px\" \/><p id=\"caption-attachment-64842\" class=\"wp-caption-text\">Especialistas del sector el\u00e9ctrico han explicado que m\u00f3dulos dom\u00e9sticos de este tipo permiten sostener consumos b\u00e1sicos. Foto: Yosdany Morej\u00f3n<\/p><\/div>\n<p>Antes de la llegada del m\u00f3dulo, las noches de apag\u00f3n en la casa de Rolando se parec\u00edan a las de muchos hogares cubanos.<\/p>\n<p>La oscuridad llegaba sin avisar demasiado. Alguna l\u00e1mpara recargable sobre la mesa. Paciencia.<\/p>\n<p>\u201cAntes no ten\u00edamos nada. Solo alguna l\u00e1mpara recargable para alumbrarnos\u201d, cuenta.<\/p>\n<p>La diferencia ahora no est\u00e1 en una abundancia el\u00e9ctrica imposible, sino en una tranquilidad nueva que se instala poco a poco en la rutina.<\/p>\n<p>Durante el d\u00eda el panel recoge la energ\u00eda solar. Por la noche, si falta la corriente del sistema el\u00e9ctrico, la estaci\u00f3n entra en funcionamiento. \u201cPor la noche lo conectas y puedes usarla en la casa. Las luces, los ventiladores, el televisor\u2026 hasta ver el noticiero. Eso s\u00ed, sin llevarlo muy recio\u201d.<\/p>\n<p>La advertencia no es casual. Rolando sabe que un equipo de estas caracter\u00edsticas exige responsabilidad en el uso. Se trata de administrar bien la energ\u00eda, de saber cu\u00e1ndo encender y cu\u00e1ndo esperar. Pero aun con esas precauciones, la diferencia es notable.<\/p>\n<h3><strong>La voz de la casa<\/strong><\/h3>\n<div id=\"attachment_64841\" style=\"width: 610px\" class=\"wp-caption aligncenter\"><img decoding=\"async\" aria-describedby=\"caption-attachment-64841\" class=\"size-medium wp-image-64841\" src=\"https:\/\/www.radiosanctispiritus.cu\/es\/wp-content\/uploads\/Rolando-instalo-el-mismo-el-modulo-solar-que-le-asignaron.-Foto-Yosdany-Morejon-600x276.jpg\" alt=\"\" width=\"600\" height=\"276\" srcset=\"https:\/\/www.radiosanctispiritus.cu\/es\/wp-content\/uploads\/Rolando-instalo-el-mismo-el-modulo-solar-que-le-asignaron.-Foto-Yosdany-Morejon-600x276.jpg 600w, https:\/\/www.radiosanctispiritus.cu\/es\/wp-content\/uploads\/Rolando-instalo-el-mismo-el-modulo-solar-que-le-asignaron.-Foto-Yosdany-Morejon-1024x471.jpg 1024w, https:\/\/www.radiosanctispiritus.cu\/es\/wp-content\/uploads\/Rolando-instalo-el-mismo-el-modulo-solar-que-le-asignaron.-Foto-Yosdany-Morejon-768x353.jpg 768w, https:\/\/www.radiosanctispiritus.cu\/es\/wp-content\/uploads\/Rolando-instalo-el-mismo-el-modulo-solar-que-le-asignaron.-Foto-Yosdany-Morejon-1536x707.jpg 1536w, https:\/\/www.radiosanctispiritus.cu\/es\/wp-content\/uploads\/Rolando-instalo-el-mismo-el-modulo-solar-que-le-asignaron.-Foto-Yosdany-Morejon-2048x942.jpg 2048w\" sizes=\"(max-width: 600px) 100vw, 600px\" \/><p id=\"caption-attachment-64841\" class=\"wp-caption-text\">Rolando instal\u00f3 \u00e9l mismo el m\u00f3dulo solar que le asignaron. Foto: Yosdany Morej\u00f3n<\/p><\/div>\n<p>Si alguien percibe con claridad cu\u00e1nto cambi\u00f3 la vida dom\u00e9stica desde la llegada del m\u00f3dulo es Emma Darias Matienzo, esposa de Rolando. Ella vive la casa desde dentro, en el ritmo de las tareas diarias y por eso mide la diferencia en detalles que a veces pasan inadvertidos. \u201cAntes de tenerlo me sent\u00eda muy estresada con esa oscuridad y no poder tener corriente\u201d, explica.<\/p>\n<p>Emma habla con la serenidad de quien compara dos momentos diferentes. \u201cAhora todo es muy distinto. Se puede lavar, poner el cargador de la bicicleta, hacer caf\u00e9 en la cafetera el\u00e9ctrica\u2026 todo cambia\u201d.<\/p>\n<p>\u201cEstamos muy agradecidos de que se haya tenido en cuenta a los H\u00e9roes del Trabajo. Esto nos cambi\u00f3 la vida por completo. Ya estamos m\u00e1s relajados\u201d.<\/p>\n<p>Recuerda, incluso, el instante en que Rolando lleg\u00f3 con la noticia: \u201cFue tremenda alegr\u00eda. Pens\u00e9 que nos cambiar\u00eda la vida porque ya est\u00e1bamos muy ansiosos con los problemas de la corriente\u201d. Hace una pausa breve. \u201cImag\u00ednate la felicidad que tenemos\u201d, concluye.<\/p>\n<h3><strong>Un pa\u00eds que tambi\u00e9n mira al sol<\/strong><\/h3>\n<div id=\"attachment_64838\" style=\"width: 610px\" class=\"wp-caption aligncenter\"><img decoding=\"async\" aria-describedby=\"caption-attachment-64838\" class=\"size-medium wp-image-64838\" src=\"https:\/\/www.radiosanctispiritus.cu\/es\/wp-content\/uploads\/En-la-casa-de-Rolando-la-vida-a-cambiado-gracias-a-el-modulo-solar-que-le-asignaron-por-su-condicion-de-Heroe-del-Trabajo-de-la-Republica-de-Cuba.-Foto-Yosdany-Morejon-600x276.jpg\" alt=\"\" width=\"600\" height=\"276\" srcset=\"https:\/\/www.radiosanctispiritus.cu\/es\/wp-content\/uploads\/En-la-casa-de-Rolando-la-vida-a-cambiado-gracias-a-el-modulo-solar-que-le-asignaron-por-su-condicion-de-Heroe-del-Trabajo-de-la-Republica-de-Cuba.-Foto-Yosdany-Morejon-600x276.jpg 600w, https:\/\/www.radiosanctispiritus.cu\/es\/wp-content\/uploads\/En-la-casa-de-Rolando-la-vida-a-cambiado-gracias-a-el-modulo-solar-que-le-asignaron-por-su-condicion-de-Heroe-del-Trabajo-de-la-Republica-de-Cuba.-Foto-Yosdany-Morejon-1024x471.jpg 1024w, https:\/\/www.radiosanctispiritus.cu\/es\/wp-content\/uploads\/En-la-casa-de-Rolando-la-vida-a-cambiado-gracias-a-el-modulo-solar-que-le-asignaron-por-su-condicion-de-Heroe-del-Trabajo-de-la-Republica-de-Cuba.-Foto-Yosdany-Morejon-768x353.jpg 768w, https:\/\/www.radiosanctispiritus.cu\/es\/wp-content\/uploads\/En-la-casa-de-Rolando-la-vida-a-cambiado-gracias-a-el-modulo-solar-que-le-asignaron-por-su-condicion-de-Heroe-del-Trabajo-de-la-Republica-de-Cuba.-Foto-Yosdany-Morejon-1536x707.jpg 1536w, https:\/\/www.radiosanctispiritus.cu\/es\/wp-content\/uploads\/En-la-casa-de-Rolando-la-vida-a-cambiado-gracias-a-el-modulo-solar-que-le-asignaron-por-su-condicion-de-Heroe-del-Trabajo-de-la-Republica-de-Cuba.-Foto-Yosdany-Morejon-2048x942.jpg 2048w\" sizes=\"(max-width: 600px) 100vw, 600px\" \/><p id=\"caption-attachment-64838\" class=\"wp-caption-text\">En la casa de Rolando la vida a cambiado gracias a el m\u00f3dulo solar que le asignaron por su condici\u00f3n de H\u00e9roe del Trabajo de la Rep\u00fablica de Cuba. Foto: Yosdany Morej\u00f3n<\/p><\/div>\n<p>La expansi\u00f3n de sistemas fotovoltaicos forma parte de los esfuerzos que Cuba impulsa para diversificar su matriz energ\u00e9tica y aprovechar mejor las fuentes renovables.<\/p>\n<p>En un territorio donde la radiaci\u00f3n solar acompa\u00f1a buena parte del a\u00f1o, esa energ\u00eda aparece como una alternativa complementaria que puede aportar respaldo en momentos cr\u00edticos.<\/p>\n<p>Especialistas del sector han explicado que m\u00f3dulos dom\u00e9sticos de este tipo permiten sostener consumos b\u00e1sicos: iluminaci\u00f3n eficiente, ventiladores, televisores y la carga de dispositivos electr\u00f3nicos.<\/p>\n<p>No sustituyen completamente el suministro el\u00e9ctrico tradicional, pero s\u00ed ofrecen una reserva \u00fatil para la vida diaria.<\/p>\n<p>En la casa de Rolando esa reserva significa algo sencillo y profundo a la vez: atravesar un apag\u00f3n con menos sobresalto.<\/p>\n<h3><strong>El panel sobre la placa<\/strong><\/h3>\n<p>Al caer la tarde el patio comienza a enfriarse lentamente. Los perros se acomodan cerca de la puerta. El panel permanece all\u00ed, inclinado hacia el cielo, recogiendo los \u00faltimos rayos de sol antes de que llegue la noche.<\/p>\n<p>No hay ruido. Solo el sonido leve de la vida dom\u00e9stica.<\/p>\n<p>En unas horas, cuando la electricidad vuelva a faltar o cuando la oscuridad llegue como llega siempre, el equipo devolver\u00e1 la luz que el sol dej\u00f3 guardada durante el d\u00eda.<\/p>\n<p>Quiz\u00e1s entonces gire el ventilador, se encienda una l\u00e1mpara y el televisor acompa\u00f1e un rato la conversaci\u00f3n de la familia lo suficiente para cambiar la manera en que se atraviesa la noche. Porque a veces el reconocimiento a toda una vida de trabajo no llega \u00fanicamente en forma de medalla; sino convertido en energ\u00eda.<\/p>\n<p>Y entonces, en una casa cualquiera de Sancti Sp\u00edritus, la gratitud tambi\u00e9n ilumina.<\/p>\n","protected":false},"excerpt":{"rendered":"<p>En la vivienda del H\u00e9roe del Trabajo de la Rep\u00fablica de Cuba Rolando Jim\u00e9nez Valdivia la llegada de un m\u00f3dulo fotovoltaico de 1 200 watts transform\u00f3 las rutinas <\/p>\n","protected":false},"author":29,"featured_media":64840,"comment_status":"open","ping_status":"open","sticky":false,"template":"","format":"standard","meta":{"_acf_changed":false,"footnotes":""},"categories":[8,9,1],"tags":[673,1253,1780],"coauthors":[1856],"class_list":["post-64837","post","type-post","status-publish","format-standard","has-post-thumbnail","hentry","category-noticia","category-en-audio","category-sancti-spiritus","tag-energia-renovable","tag-paneles-fotovoltaicos","tag-sancti-spiritus"],"acf":[],"_links":{"self":[{"href":"https:\/\/www.radiosanctispiritus.cu\/es\/wp-json\/wp\/v2\/posts\/64837","targetHints":{"allow":["GET"]}}],"collection":[{"href":"https:\/\/www.radiosanctispiritus.cu\/es\/wp-json\/wp\/v2\/posts"}],"about":[{"href":"https:\/\/www.radiosanctispiritus.cu\/es\/wp-json\/wp\/v2\/types\/post"}],"author":[{"embeddable":true,"href":"https:\/\/www.radiosanctispiritus.cu\/es\/wp-json\/wp\/v2\/users\/29"}],"replies":[{"embeddable":true,"href":"https:\/\/www.radiosanctispiritus.cu\/es\/wp-json\/wp\/v2\/comments?post=64837"}],"version-history":[{"count":4,"href":"https:\/\/www.radiosanctispiritus.cu\/es\/wp-json\/wp\/v2\/posts\/64837\/revisions"}],"predecessor-version":[{"id":64888,"href":"https:\/\/www.radiosanctispiritus.cu\/es\/wp-json\/wp\/v2\/posts\/64837\/revisions\/64888"}],"wp:featuredmedia":[{"embeddable":true,"href":"https:\/\/www.radiosanctispiritus.cu\/es\/wp-json\/wp\/v2\/media\/64840"}],"wp:attachment":[{"href":"https:\/\/www.radiosanctispiritus.cu\/es\/wp-json\/wp\/v2\/media?parent=64837"}],"wp:term":[{"taxonomy":"category","embeddable":true,"href":"https:\/\/www.radiosanctispiritus.cu\/es\/wp-json\/wp\/v2\/categories?post=64837"},{"taxonomy":"post_tag","embeddable":true,"href":"https:\/\/www.radiosanctispiritus.cu\/es\/wp-json\/wp\/v2\/tags?post=64837"},{"taxonomy":"author","embeddable":true,"href":"https:\/\/www.radiosanctispiritus.cu\/es\/wp-json\/wp\/v2\/coauthors?post=64837"}],"curies":[{"name":"wp","href":"https:\/\/api.w.org\/{rel}","templated":true}]}}