{"id":64829,"date":"2026-03-10T17:08:04","date_gmt":"2026-03-10T21:08:04","guid":{"rendered":"https:\/\/www.radiosanctispiritus.cu\/es\/?p=64829"},"modified":"2026-03-10T17:08:04","modified_gmt":"2026-03-10T21:08:04","slug":"dedicado-al-65-aniversario-de-la-anap","status":"publish","type":"post","link":"https:\/\/www.radiosanctispiritus.cu\/es\/dedicado-al-65-aniversario-de-la-anap\/","title":{"rendered":"Dedicado al 65 Aniversario de la ANAP"},"content":{"rendered":"<p>La Asociaci\u00f3n Nacional de Agricultores Peque\u00f1os (ANAP) celebra 65 a\u00f1os de historia, compromiso y trabajo en el campo cubano. Desde su fundaci\u00f3n, ha sido fuerza esencial en la producci\u00f3n de alimentos, en la defensa de la soberan\u00eda alimentaria y en el impulso de la vida rural. Este aniversario reconoce la entrega de miles de hombres y mujeres que, con esfuerzo diario, han convertido la agricultura en s\u00edmbolo de resistencia, desarrollo y orgullo nacional.<\/p>\n<p><iframe src=\"https:\/\/www.ivoox.com\/player_ej_169883144_6_1.html?c1=4b8f53\" width=\"100%\" height=\"200\" frameborder=\"0\" scrolling=\"no\" allowfullscreen=\"allowfullscreen\"><\/iframe><\/p>\n","protected":false},"excerpt":{"rendered":"<p>La Asociaci\u00f3n Nacional de Agricultores Peque\u00f1os (ANAP) celebra 65 a\u00f1os de historia, compromiso y trabajo en el campo cubano.<\/p>\n","protected":false},"author":4,"featured_media":64830,"comment_status":"open","ping_status":"open","sticky":false,"template":"","format":"audio","meta":{"_acf_changed":false,"footnotes":""},"categories":[10,1282],"tags":[],"coauthors":[1883],"class_list":["post-64829","post","type-post","status-publish","format-audio","has-post-thumbnail","hentry","category-programas-de-radio","category-guateque-en-la-agricultura","post_format-post-format-audio"],"acf":[],"_links":{"self":[{"href":"https:\/\/www.radiosanctispiritus.cu\/es\/wp-json\/wp\/v2\/posts\/64829","targetHints":{"allow":["GET"]}}],"collection":[{"href":"https:\/\/www.radiosanctispiritus.cu\/es\/wp-json\/wp\/v2\/posts"}],"about":[{"href":"https:\/\/www.radiosanctispiritus.cu\/es\/wp-json\/wp\/v2\/types\/post"}],"author":[{"embeddable":true,"href":"https:\/\/www.radiosanctispiritus.cu\/es\/wp-json\/wp\/v2\/users\/4"}],"replies":[{"embeddable":true,"href":"https:\/\/www.radiosanctispiritus.cu\/es\/wp-json\/wp\/v2\/comments?post=64829"}],"version-history":[{"count":1,"href":"https:\/\/www.radiosanctispiritus.cu\/es\/wp-json\/wp\/v2\/posts\/64829\/revisions"}],"predecessor-version":[{"id":64831,"href":"https:\/\/www.radiosanctispiritus.cu\/es\/wp-json\/wp\/v2\/posts\/64829\/revisions\/64831"}],"wp:featuredmedia":[{"embeddable":true,"href":"https:\/\/www.radiosanctispiritus.cu\/es\/wp-json\/wp\/v2\/media\/64830"}],"wp:attachment":[{"href":"https:\/\/www.radiosanctispiritus.cu\/es\/wp-json\/wp\/v2\/media?parent=64829"}],"wp:term":[{"taxonomy":"category","embeddable":true,"href":"https:\/\/www.radiosanctispiritus.cu\/es\/wp-json\/wp\/v2\/categories?post=64829"},{"taxonomy":"post_tag","embeddable":true,"href":"https:\/\/www.radiosanctispiritus.cu\/es\/wp-json\/wp\/v2\/tags?post=64829"},{"taxonomy":"author","embeddable":true,"href":"https:\/\/www.radiosanctispiritus.cu\/es\/wp-json\/wp\/v2\/coauthors?post=64829"}],"curies":[{"name":"wp","href":"https:\/\/api.w.org\/{rel}","templated":true}]}}