{"id":64815,"date":"2026-03-10T20:02:21","date_gmt":"2026-03-11T00:02:21","guid":{"rendered":"https:\/\/www.radiosanctispiritus.cu\/es\/?p=64815"},"modified":"2026-03-11T05:54:26","modified_gmt":"2026-03-11T09:54:26","slug":"estacion-de-granos-sur-del-jibaro-potencia-la-ciencia-y-la-tecnologia","status":"publish","type":"post","link":"https:\/\/www.radiosanctispiritus.cu\/es\/estacion-de-granos-sur-del-jibaro-potencia-la-ciencia-y-la-tecnologia\/","title":{"rendered":"Estaci\u00f3n de Granos Sur del J\u00edbaro potencia la ciencia y la tecnolog\u00eda"},"content":{"rendered":"<p>Cuando los precios del arroz, los frijoles y los alimentos en general suben como la espuma, la Estaci\u00f3n Territorial de Investigaciones de Granos Sur del J\u00edbaro potencia la ciencia y la tecnolog\u00eda en funci\u00f3n de incrementar las producciones de estos y otros cultivos. En medio de limitaciones sin precedentes con los insumos y el servicio el\u00e9ctrico, que incide directamente en las posibilidades de riego, esa instituci\u00f3n cient\u00edfica se creci\u00f3 y llev\u00f3 adelante 11 proyectos de investigaci\u00f3n sobre diversas tem\u00e1ticas, entre ellas el mejoramiento gen\u00e9tico del arroz, el sorgo, ma\u00edz, frijol y un sistema de extensionismo agrario. Pedro Meneses, director de la sure\u00f1a estaci\u00f3n que irradia sus resultados a todos los municipios espirituanos, ofreci\u00f3 detalles a la prensa de su desempe\u00f1o.<\/p>\n<p>\u201cTenemos un proyecto que finaliza este a\u00f1o que busca genotipos precoces para la producci\u00f3n de arroz, o sea, genotipos de menos de 100 d\u00edas, que generan un ahorro de agua importante. El recurso hoy que nos limita para la producci\u00f3n de arroz y con el que no podemos tener mucha incidencia es el tema agua. Tenemos muchas limitaciones desde el punto de vista del insumo, pero bueno, eso depende a veces del financiamiento. El tema agua s\u00ed depende de capacidades que tengamos y del clima\u201d.<\/p>\n<p>\u201cEsto tambi\u00e9n es un aporte importante al mejoramiento gen\u00e9tico porque hemos logrado esa base gen\u00e9tica ya de menos de ciclos de menos de 100 d\u00edas que lo hemos hecho a trav\u00e9s de la selecci\u00f3n recurrente. Un proyecto que nosotros tenemos que es de andro esterilidad masculina que nos permite hacer un n\u00famero de cruzamiento mucho mayor y tambi\u00e9n la selecci\u00f3n que podemos hacer una variabilidad gen\u00e9tica muy amplia y tambi\u00e9n ah\u00ed podemos ir seleccionando y incorporando genotipos a esas poblaciones, genotipos de ciclo m\u00e1s corto\u201d.<\/p>\n<p>\u201cEn estos momentos tenemos 50 l\u00edneas segregantes, de estas de menos de 100 d\u00edas, ya tenemos 7 l\u00edneas que son homocig\u00f3ticas y 12 poblaciones con las que estamos trabajando. Otro resultado importante de la Estaci\u00f3n Territorial de Investigaciones de Granos Sur del J\u00edbaro fue la obtenci\u00f3n de dos nuevas variedades de arroz en ciclos medio y corto, con excelente calidad industrial y mejor adaptadas al cambio clim\u00e1tico\u201d.<\/p>\n<p>\u201cHemos tambi\u00e9n trabajado en los estudios de adaptabilidad y la generalizaci\u00f3n de la vina radiata, que es el frijol verde, que es un frijol que es tolerante a altas temperaturas. Es algo que podemos cultivar en la primavera, tiene alrededor de 23% de prote\u00edna, se adapta muy bien, es posible hacerlo con la cosecha mecanizada. Bueno, ya tambi\u00e9n ah\u00ed la barrera que hemos tenido es la barrera m\u00e1s bien de las culturas, \u00bfno? Pero bueno, tambi\u00e9n hemos hecho algunas pruebas\u201d.<\/p>\n<p>\u201cSe hizo una prueba en Ciego de \u00c1vila, vamos a decir que con una poblaci\u00f3n que no ten\u00eda mucho criterio, que fue en un c\u00edrculo infantil y bueno, dio buena aceptaci\u00f3n. Tambi\u00e9n, \u00a0otro resultado fue el Nerea, las validaciones, las pruebas que se hicieron, los estudios que se hicieron con el Nerea, que es un fertilizante que se usa para los cultivos. Esto se hizo en colaboraci\u00f3n con la Universidad de La Habana y el Instituto de Ciencia y Tecnolog\u00eda de los Materiales. Y hay que destacar esta coautor\u00eda que nosotros tuvimos con eso\u201d.<\/p>\n<p>\u201cCon esa instituci\u00f3n, ese fue el Premio Nacional de Innovaci\u00f3n Tecnol\u00f3gica y tambi\u00e9n fue el premio especial por el aporte econ\u00f3mico. La producci\u00f3n de semilla b\u00e1sica que tributa el material gen\u00e9tico a otros territorios cubanos sum\u00f3 casi 19 toneladas de cinco variedades que han incidido en las estrategias gen\u00e9ticas en estas provincias de Cuba. Y tenemos tambi\u00e9n un grupo de extensionismo que ha acompa\u00f1ado a los productores y ha permitido tambi\u00e9n que muchas de estas actividades de ciencia hayan cerrado ciclos y que tambi\u00e9n este grupo ha contribuido a una r\u00e1pida introducci\u00f3n de las variedades y las tecnolog\u00edas con una buena aceptaci\u00f3n por parte de los productores\u201d.<\/p>\n<p><iframe src=\"https:\/\/www.ivoox.com\/player_ej_169784602_6_1.html?c1=7a0d0b\" width=\"100%\" height=\"200\" frameborder=\"0\" scrolling=\"no\" allowfullscreen=\"allowfullscreen\"><\/iframe><\/p>\n","protected":false},"excerpt":{"rendered":"<p>Cuando los precios del arroz, los frijoles y los alimentos en general suben como la espuma, la Estaci\u00f3n Territorial de Investigaciones de Granos Sur del J\u00edbaro potencia la ciencia y la tecnolog\u00eda en funci\u00f3n de incrementar las producciones de estos y otros cultivos<\/p>\n","protected":false},"author":144,"featured_media":30361,"comment_status":"open","ping_status":"open","sticky":false,"template":"","format":"standard","meta":{"_acf_changed":false,"footnotes":""},"categories":[1],"tags":[],"coauthors":[1910],"class_list":["post-64815","post","type-post","status-publish","format-standard","has-post-thumbnail","hentry","category-sancti-spiritus"],"acf":[],"_links":{"self":[{"href":"https:\/\/www.radiosanctispiritus.cu\/es\/wp-json\/wp\/v2\/posts\/64815","targetHints":{"allow":["GET"]}}],"collection":[{"href":"https:\/\/www.radiosanctispiritus.cu\/es\/wp-json\/wp\/v2\/posts"}],"about":[{"href":"https:\/\/www.radiosanctispiritus.cu\/es\/wp-json\/wp\/v2\/types\/post"}],"author":[{"embeddable":true,"href":"https:\/\/www.radiosanctispiritus.cu\/es\/wp-json\/wp\/v2\/users\/144"}],"replies":[{"embeddable":true,"href":"https:\/\/www.radiosanctispiritus.cu\/es\/wp-json\/wp\/v2\/comments?post=64815"}],"version-history":[{"count":3,"href":"https:\/\/www.radiosanctispiritus.cu\/es\/wp-json\/wp\/v2\/posts\/64815\/revisions"}],"predecessor-version":[{"id":64835,"href":"https:\/\/www.radiosanctispiritus.cu\/es\/wp-json\/wp\/v2\/posts\/64815\/revisions\/64835"}],"wp:featuredmedia":[{"embeddable":true,"href":"https:\/\/www.radiosanctispiritus.cu\/es\/wp-json\/wp\/v2\/media\/30361"}],"wp:attachment":[{"href":"https:\/\/www.radiosanctispiritus.cu\/es\/wp-json\/wp\/v2\/media?parent=64815"}],"wp:term":[{"taxonomy":"category","embeddable":true,"href":"https:\/\/www.radiosanctispiritus.cu\/es\/wp-json\/wp\/v2\/categories?post=64815"},{"taxonomy":"post_tag","embeddable":true,"href":"https:\/\/www.radiosanctispiritus.cu\/es\/wp-json\/wp\/v2\/tags?post=64815"},{"taxonomy":"author","embeddable":true,"href":"https:\/\/www.radiosanctispiritus.cu\/es\/wp-json\/wp\/v2\/coauthors?post=64815"}],"curies":[{"name":"wp","href":"https:\/\/api.w.org\/{rel}","templated":true}]}}