{"id":64814,"date":"2026-03-10T20:05:17","date_gmt":"2026-03-11T00:05:17","guid":{"rendered":"https:\/\/www.radiosanctispiritus.cu\/es\/?p=64814"},"modified":"2026-03-10T23:01:37","modified_gmt":"2026-03-11T03:01:37","slug":"jovenes-de-la-feem-en-cabaiguan-se-preparan-para-la-defensa-a-traves-del-bastion-estudiantil","status":"publish","type":"post","link":"https:\/\/www.radiosanctispiritus.cu\/es\/jovenes-de-la-feem-en-cabaiguan-se-preparan-para-la-defensa-a-traves-del-bastion-estudiantil\/","title":{"rendered":"J\u00f3venes de la FEEM en Cabaigu\u00e1n se preparan para la defensa a trav\u00e9s del Basti\u00f3n Estudiantil"},"content":{"rendered":"<p>Estudiantes de la FEEM en Cabaigu\u00e1n intensifican durante la presente semana su preparaci\u00f3n para la defensa mediante el desarrollo del Basti\u00f3n Estudiantil 2026. As\u00ed lo declar\u00f3 a la prensa Alejandro Fern\u00e1ndez Gonz\u00e1lez, primer secretario de la Uni\u00f3n de J\u00f3venes Comunistas en el municipio. \u201cDurante toda la semana se va a estar realizando, como dec\u00edas, el Basti\u00f3n Estudiantil, el cual pretende preparar a los diferentes estudiantes en diferentes actividades\u201d.<\/p>\n<p>\u201cDentro de estas actividades a desarrollar van a estar desarrollando di\u00e1logos de generaci\u00f3n con combatientes, trabajadores retirados de los diferentes sectores, estar\u00e1n realizando actividades de primeros auxilios en conjunto con la Cruz Roja. Adem\u00e1s de esto, participar\u00e1n en conjunto al MININT en la preparaci\u00f3n de los bomberos, en el equipamiento que utilizan y todas las actividades que realizan. Y en conjunto con las FARC se estar\u00e1n realizando intercambios sobre el beneficio del servicio militar.<\/p>\n<p>Fern\u00e1ndez Gonz\u00e1lez dijo adem\u00e1s que aunque las actividades centrales se concentrar\u00e1n en el Centro Polit\u00e9cnico Rub\u00e9n Mart\u00ednez Villena, el basti\u00f3n estudiantil se extender\u00e1 hasta el resto de las escuelas que acogen alumnos de la referida organizaci\u00f3n, cuya matr\u00edcula asciende a unos 800 educandos aproximadamente. Al ser interrogado sobre la importancia de realizar ejercicios como este, el dirigente juvenil apunt\u00f3.<br \/>\n<iframe src=\"https:\/\/www.ivoox.com\/player_ej_169868602_6_1.html?c1=7a0d0b\" width=\"100%\" height=\"200\" frameborder=\"0\" scrolling=\"no\" allowfullscreen=\"allowfullscreen\"><\/iframe><\/p>\n","protected":false},"excerpt":{"rendered":"<p>Estudiantes de la FEEM en Cabaigu\u00e1n intensifican durante la presente semana su preparaci\u00f3n para la defensa mediante el desarrollo del Basti\u00f3n Estudiantil 2026. As\u00ed lo declar\u00f3 a la prensa Alejandro Fern\u00e1ndez Gonz\u00e1lez, primer secretario de la Uni\u00f3n de J\u00f3venes Comunistas en el municipio. \u201cDurante toda la semana se va a estar realizando, como dec\u00edas, el [&hellip;]<\/p>\n","protected":false},"author":137,"featured_media":38875,"comment_status":"open","ping_status":"open","sticky":false,"template":"","format":"standard","meta":{"_acf_changed":false,"footnotes":""},"categories":[9],"tags":[],"coauthors":[1872],"class_list":["post-64814","post","type-post","status-publish","format-standard","has-post-thumbnail","hentry","category-en-audio"],"acf":[],"_links":{"self":[{"href":"https:\/\/www.radiosanctispiritus.cu\/es\/wp-json\/wp\/v2\/posts\/64814","targetHints":{"allow":["GET"]}}],"collection":[{"href":"https:\/\/www.radiosanctispiritus.cu\/es\/wp-json\/wp\/v2\/posts"}],"about":[{"href":"https:\/\/www.radiosanctispiritus.cu\/es\/wp-json\/wp\/v2\/types\/post"}],"author":[{"embeddable":true,"href":"https:\/\/www.radiosanctispiritus.cu\/es\/wp-json\/wp\/v2\/users\/137"}],"replies":[{"embeddable":true,"href":"https:\/\/www.radiosanctispiritus.cu\/es\/wp-json\/wp\/v2\/comments?post=64814"}],"version-history":[{"count":3,"href":"https:\/\/www.radiosanctispiritus.cu\/es\/wp-json\/wp\/v2\/posts\/64814\/revisions"}],"predecessor-version":[{"id":64833,"href":"https:\/\/www.radiosanctispiritus.cu\/es\/wp-json\/wp\/v2\/posts\/64814\/revisions\/64833"}],"wp:featuredmedia":[{"embeddable":true,"href":"https:\/\/www.radiosanctispiritus.cu\/es\/wp-json\/wp\/v2\/media\/38875"}],"wp:attachment":[{"href":"https:\/\/www.radiosanctispiritus.cu\/es\/wp-json\/wp\/v2\/media?parent=64814"}],"wp:term":[{"taxonomy":"category","embeddable":true,"href":"https:\/\/www.radiosanctispiritus.cu\/es\/wp-json\/wp\/v2\/categories?post=64814"},{"taxonomy":"post_tag","embeddable":true,"href":"https:\/\/www.radiosanctispiritus.cu\/es\/wp-json\/wp\/v2\/tags?post=64814"},{"taxonomy":"author","embeddable":true,"href":"https:\/\/www.radiosanctispiritus.cu\/es\/wp-json\/wp\/v2\/coauthors?post=64814"}],"curies":[{"name":"wp","href":"https:\/\/api.w.org\/{rel}","templated":true}]}}