{"id":64812,"date":"2026-03-10T14:19:53","date_gmt":"2026-03-10T18:19:53","guid":{"rendered":"https:\/\/www.radiosanctispiritus.cu\/es\/?p=64812"},"modified":"2026-03-10T14:19:53","modified_gmt":"2026-03-10T18:19:53","slug":"elige-yaguajay-nuevo-presidente-de-la-asamblea-municipal-del-poder-popular","status":"publish","type":"post","link":"https:\/\/www.radiosanctispiritus.cu\/es\/elige-yaguajay-nuevo-presidente-de-la-asamblea-municipal-del-poder-popular\/","title":{"rendered":"Elige Yaguajay nuevo presidente de la Asamblea Municipal del Poder Popular"},"content":{"rendered":"<p>La Asamblea Municipal del Poder Popular en Yaguahay, en sesi\u00f3n extraordinaria del decimoctavo periodo de mandato, eligi\u00f3 como nuevo presidente a Jaciel Carballo Gonz\u00e1lez, actual director de la Educaci\u00f3n General en el municipio.<\/p>\n<p>Tal decisi\u00f3n se llev\u00f3 a cabo acorde a lo planteado en el art\u00edculo 138 de la Ley 127 Ley electoral referente a la elecci\u00f3n de un nuevo representante de la estructura, como parte de un proceso para cubrir vacantes, y con la presencia del 62% del total de delegados.<\/p>\n<p>A trav\u00e9s del voto directo y secreto se obtuvo el resultado, como colof\u00f3n de un amplio proceso de consulta en una nueva muestra de la democracia socialista que caracteriza a Cuba.<\/p>\n<p>Aunque joven, de 36 a\u00f1os de edad, Carballo Gonz\u00e1lez suma una positiva trayectoria, por la entrega a las tareas que le han sido asignadas durante varios a\u00f1os de servicio a la Revoluci\u00f3n, la que complementa con una actitud \u00e9tica cabal, distinguida por los valores y principios que se esperan de todo joven revolucionario.<\/p>\n<p><iframe src=\"https:\/\/www.ivoox.com\/player_ej_169784159_6_1.html?c1=7a0d0b\" width=\"100%\" height=\"200\" frameborder=\"0\" scrolling=\"no\" allowfullscreen=\"allowfullscreen\"><\/iframe><\/p>\n","protected":false},"excerpt":{"rendered":"<p>La Asamblea Municipal del Poder Popular en Yaguahay, en sesi\u00f3n extraordinaria del decimoctavo periodo de mandato, eligi\u00f3 como nuevo presidente a Jaciel Carballo Gonz\u00e1lez, actual director de la Educaci\u00f3n General en el municipio.<\/p>\n","protected":false},"author":165,"featured_media":7637,"comment_status":"open","ping_status":"open","sticky":false,"template":"","format":"standard","meta":{"_acf_changed":false,"footnotes":""},"categories":[8,9,1],"tags":[],"coauthors":[1881],"class_list":["post-64812","post","type-post","status-publish","format-standard","has-post-thumbnail","hentry","category-noticia","category-en-audio","category-sancti-spiritus"],"acf":[],"_links":{"self":[{"href":"https:\/\/www.radiosanctispiritus.cu\/es\/wp-json\/wp\/v2\/posts\/64812","targetHints":{"allow":["GET"]}}],"collection":[{"href":"https:\/\/www.radiosanctispiritus.cu\/es\/wp-json\/wp\/v2\/posts"}],"about":[{"href":"https:\/\/www.radiosanctispiritus.cu\/es\/wp-json\/wp\/v2\/types\/post"}],"author":[{"embeddable":true,"href":"https:\/\/www.radiosanctispiritus.cu\/es\/wp-json\/wp\/v2\/users\/165"}],"replies":[{"embeddable":true,"href":"https:\/\/www.radiosanctispiritus.cu\/es\/wp-json\/wp\/v2\/comments?post=64812"}],"version-history":[{"count":1,"href":"https:\/\/www.radiosanctispiritus.cu\/es\/wp-json\/wp\/v2\/posts\/64812\/revisions"}],"predecessor-version":[{"id":64813,"href":"https:\/\/www.radiosanctispiritus.cu\/es\/wp-json\/wp\/v2\/posts\/64812\/revisions\/64813"}],"wp:featuredmedia":[{"embeddable":true,"href":"https:\/\/www.radiosanctispiritus.cu\/es\/wp-json\/wp\/v2\/media\/7637"}],"wp:attachment":[{"href":"https:\/\/www.radiosanctispiritus.cu\/es\/wp-json\/wp\/v2\/media?parent=64812"}],"wp:term":[{"taxonomy":"category","embeddable":true,"href":"https:\/\/www.radiosanctispiritus.cu\/es\/wp-json\/wp\/v2\/categories?post=64812"},{"taxonomy":"post_tag","embeddable":true,"href":"https:\/\/www.radiosanctispiritus.cu\/es\/wp-json\/wp\/v2\/tags?post=64812"},{"taxonomy":"author","embeddable":true,"href":"https:\/\/www.radiosanctispiritus.cu\/es\/wp-json\/wp\/v2\/coauthors?post=64812"}],"curies":[{"name":"wp","href":"https:\/\/api.w.org\/{rel}","templated":true}]}}