{"id":64801,"date":"2026-03-10T12:43:31","date_gmt":"2026-03-10T16:43:31","guid":{"rendered":"https:\/\/www.radiosanctispiritus.cu\/es\/?p=64801"},"modified":"2026-03-10T12:43:31","modified_gmt":"2026-03-10T16:43:31","slug":"el-que-habla-mal-de-los-demas-habla-de-si-mismo","status":"publish","type":"post","link":"https:\/\/www.radiosanctispiritus.cu\/es\/el-que-habla-mal-de-los-demas-habla-de-si-mismo\/","title":{"rendered":"\u00bfEl que habla mal de los dem\u00e1s habla de s\u00ed mismo?"},"content":{"rendered":"<h2>Un an\u00e1lisis sobre la proyecci\u00f3n psicol\u00f3gica en nuestras cr\u00edticas cotidianas<\/h2>\n<p>Existe un dicho popular que circula en conversaciones informales y redes sociales que afirma: \u00abEl que habla mal de los dem\u00e1s, habla de s\u00ed mismo\u00bb. Esta frase, aparentemente simple, encierra una verdad psicol\u00f3gica profunda que merece ser analizada con detenimiento. \u00bfRealmente quienes critican constantemente a otros est\u00e1n revelando aspectos ocultos de su propia personalidad? La respuesta, seg\u00fan la psicolog\u00eda contempor\u00e1nea, apunta a que existe una conexi\u00f3n significativa entre ambas cosas, aunque con importantes matices que conviene explorar.<\/p>\n<p><iframe title=\"YouTube video player\" src=\"https:\/\/www.youtube.com\/embed\/i0hLc2fo0Fw?si=Zw5KF46LiDE0j1Bd\" width=\"560\" height=\"315\" frameborder=\"0\" allowfullscreen=\"allowfullscreen\"><\/iframe><\/p>\n<h3>El mecanismo de la proyecci\u00f3n psicol\u00f3gica<\/h3>\n<p class=\"ds-markdown-paragraph\">Desde las teor\u00edas psicoanal\u00edticas desarrolladas por Sigmund Freud, y posteriormente profundizadas por Carl Jung y otros autores, conocemos el concepto de \u00abproyecci\u00f3n\u00bb. Este mecanismo de defensa opera de manera inconsciente y consiste en atribuir a otras personas aquellos sentimientos, deseos o caracter\u00edsticas que resultan inaceptables o inc\u00f3modos para uno mismo. Cuando alguien no puede tolerar reconocer en s\u00ed mismo ciertos defectos, inseguridades o impulsos, tiende a verlos exageradamente en quienes le rodean.<\/p>\n<p class=\"ds-markdown-paragraph\">Imaginemos, por ejemplo, a una persona profundamente insegura respecto a su propia capacidad intelectual. Es probable que esta persona descalifique frecuentemente la inteligencia de sus colegas, buscando en ellos aquello que no puede aceptar en s\u00ed misma. La cr\u00edtica externa funciona entonces como un espejo invertido que refleja las propias sombras.<\/p>\n<h3>Cuando la cr\u00edtica es s\u00edntoma, no diagn\u00f3stico<\/h3>\n<p class=\"ds-markdown-paragraph\">Sin embargo, resultar\u00eda simplista y err\u00f3neo afirmar que cualquier comentario negativo sobre otros constituye autom\u00e1ticamente una autodescripci\u00f3n encubierta. La realidad humana es mucho m\u00e1s compleja y requiere distinciones importantes:<\/p>\n<p class=\"ds-markdown-paragraph\">En primer lugar, existe la cr\u00edtica leg\u00edtima y constructiva. Se\u00f1alar comportamientos da\u00f1inos, abusivos o injustos no solo es v\u00e1lido, sino necesario para la convivencia social y el establecimiento de l\u00edmites saludables. Denunciar una situaci\u00f3n de acoso laboral o advertir sobre comportamientos t\u00f3xicos en una relaci\u00f3n no constituye proyecci\u00f3n, sino discernimiento \u00e9tico.<\/p>\n<p class=\"ds-markdown-paragraph\">El elemento diferenciador clave reside en el patr\u00f3n y la intenci\u00f3n. Una persona emocionalmente equilibrada puede se\u00f1alar defectos espec\u00edficos en otros sin que esto refleje sus propias carencias, especialmente cuando lo hace con mesura, fundamentaci\u00f3n y sin ensa\u00f1amiento personal. Por el contrario, quien tiene el h\u00e1bito constante de descalificar, menospreciar y difamar, probablemente est\u00e9 utilizando estas conductas como mecanismo para gestionar sus propias dificultades internas.<\/p>\n<h3>Lo que revela el estilo de la cr\u00edtica<\/h3>\n<p class=\"ds-markdown-paragraph\">M\u00e1s all\u00e1 del contenido concreto de lo que se dice, la forma en que se expresa la cr\u00edtica resulta extraordinariamente reveladora. Podemos preguntarnos: \u00bfSe trata de observaciones puntuales sobre comportamientos espec\u00edficos? \u00bfO son descalificaciones globales sobre la persona? \u00bfExiste voluntad de comprensi\u00f3n o solo intenci\u00f3n destructiva? \u00bfLa cr\u00edtica se ofrece en privado con esp\u00edritu constructivo o se difunde p\u00fablicamente buscando complicidad?<\/p>\n<p class=\"ds-markdown-paragraph\">El psic\u00f3logo Carl Gustav Jung se\u00f1alaba que \u00abtodo lo que nos irrita de los dem\u00e1s puede conducirnos a una comprensi\u00f3n de nosotros mismos\u00bb. Esta frase ilumina la posibilidad de utilizar nuestras reacciones emocionales ante otros como herramienta de autoconocimiento, en lugar de proyectarlas inconscientemente.<\/p>\n<h3>La paradoja del que se\u00f1ala<\/h3>\n<p class=\"ds-markdown-paragraph\">Resulta parad\u00f3jico observar c\u00f3mo quienes m\u00e1s enf\u00e1ticamente denuncian defectos en los dem\u00e1s suelen mostrarse especialmente resistentes a reconocerlos en s\u00ed mismos. Esta ceguera selectiva no es casual: responde precisamente a la funci\u00f3n protectora que cumple la proyecci\u00f3n, evitando el malestar que producir\u00eda la autoobservaci\u00f3n sincera.<\/p>\n<p class=\"ds-markdown-paragraph\">Las personas con mayor madurez psicol\u00f3gica tienden a ser m\u00e1s cautas al juzgar a otros, conscientes de sus propias limitaciones y de la complejidad inherente al comportamiento humano. Como se\u00f1alaba el fil\u00f3sofo Plat\u00f3n: \u00abS\u00e9 amable, porque cada persona que conoces est\u00e1 librando una batalla que quiz\u00e1s desconoces\u00bb.<\/p>\n<h3>Conclusi\u00f3n: el espejo de nuestras palabras<\/h3>\n<p class=\"ds-markdown-paragraph\">Podemos concluir que, efectivamente, existe una conexi\u00f3n significativa entre la forma en que hablamos de los dem\u00e1s y nuestra propia realidad interna. Quien tiene el h\u00e1bito de hablar mal de otros est\u00e1 ofreciendo, sin pretenderlo, informaci\u00f3n valiosa sobre sus propias inseguridades, frustraciones y conflictos no resueltos.<\/p>\n<p class=\"ds-markdown-paragraph\">Sin embargo, esta relaci\u00f3n no es autom\u00e1tica ni universal. La clave est\u00e1 en desarrollar la capacidad de distinguir entre la cr\u00edtica constructiva, necesaria para la vida en sociedad, y la descalificaci\u00f3n proyectiva, que revela m\u00e1s sobre el emisor que sobre su supuesto objetivo.<\/p>\n<p class=\"ds-markdown-paragraph\">En \u00faltima instancia, quiz\u00e1s la invitaci\u00f3n impl\u00edcita en esta reflexi\u00f3n sea la de practicar una doble mirada: una hacia afuera, para relacionarnos con los dem\u00e1s con justicia y compasi\u00f3n, y otra hacia adentro, para descubrir qu\u00e9 dicen nuestras cr\u00edticas sobre nosotros mismos. Como escribi\u00f3 el poeta Walt Whitman: \u00abNo dejes que pase un d\u00eda sin mirarte al espejo y preguntarte: \u00bfqu\u00e9 tengo yo que ver con lo que critico en los dem\u00e1s?\u00bb<\/p>\n","protected":false},"excerpt":{"rendered":"<p>Cuando hablamos de los dem\u00e1s, \u00bfhablamos realmente de nosotros mismos? Un an\u00e1lisis sobre la proyecci\u00f3n psicol\u00f3gica en nuestras cr\u00edticas cotidianas<\/p>\n","protected":false},"author":4,"featured_media":63320,"comment_status":"open","ping_status":"open","sticky":false,"template":"","format":"audio","meta":{"_acf_changed":false,"footnotes":""},"categories":[1145,2176],"tags":[2181],"coauthors":[1883],"class_list":["post-64801","post","type-post","status-publish","format-audio","has-post-thumbnail","hentry","category-podcast","category-la-otra-esquina-podcast","tag-la-otra-esquina","post_format-post-format-audio"],"acf":[],"_links":{"self":[{"href":"https:\/\/www.radiosanctispiritus.cu\/es\/wp-json\/wp\/v2\/posts\/64801","targetHints":{"allow":["GET"]}}],"collection":[{"href":"https:\/\/www.radiosanctispiritus.cu\/es\/wp-json\/wp\/v2\/posts"}],"about":[{"href":"https:\/\/www.radiosanctispiritus.cu\/es\/wp-json\/wp\/v2\/types\/post"}],"author":[{"embeddable":true,"href":"https:\/\/www.radiosanctispiritus.cu\/es\/wp-json\/wp\/v2\/users\/4"}],"replies":[{"embeddable":true,"href":"https:\/\/www.radiosanctispiritus.cu\/es\/wp-json\/wp\/v2\/comments?post=64801"}],"version-history":[{"count":2,"href":"https:\/\/www.radiosanctispiritus.cu\/es\/wp-json\/wp\/v2\/posts\/64801\/revisions"}],"predecessor-version":[{"id":64803,"href":"https:\/\/www.radiosanctispiritus.cu\/es\/wp-json\/wp\/v2\/posts\/64801\/revisions\/64803"}],"wp:featuredmedia":[{"embeddable":true,"href":"https:\/\/www.radiosanctispiritus.cu\/es\/wp-json\/wp\/v2\/media\/63320"}],"wp:attachment":[{"href":"https:\/\/www.radiosanctispiritus.cu\/es\/wp-json\/wp\/v2\/media?parent=64801"}],"wp:term":[{"taxonomy":"category","embeddable":true,"href":"https:\/\/www.radiosanctispiritus.cu\/es\/wp-json\/wp\/v2\/categories?post=64801"},{"taxonomy":"post_tag","embeddable":true,"href":"https:\/\/www.radiosanctispiritus.cu\/es\/wp-json\/wp\/v2\/tags?post=64801"},{"taxonomy":"author","embeddable":true,"href":"https:\/\/www.radiosanctispiritus.cu\/es\/wp-json\/wp\/v2\/coauthors?post=64801"}],"curies":[{"name":"wp","href":"https:\/\/api.w.org\/{rel}","templated":true}]}}