{"id":64753,"date":"2026-03-09T14:00:07","date_gmt":"2026-03-09T18:00:07","guid":{"rendered":"https:\/\/www.radiosanctispiritus.cu\/es\/?p=64753"},"modified":"2026-03-09T14:00:07","modified_gmt":"2026-03-09T18:00:07","slug":"sector-educacional-en-la-sierpe-pone-especial-atencion-en-el-trabajo-politico-ideologico","status":"publish","type":"post","link":"https:\/\/www.radiosanctispiritus.cu\/es\/sector-educacional-en-la-sierpe-pone-especial-atencion-en-el-trabajo-politico-ideologico\/","title":{"rendered":"Sector educacional en La Sierpe pone especial atenci\u00f3n en el trabajo pol\u00edtico ideol\u00f3gico"},"content":{"rendered":"<p>El modelo de gesti\u00f3n por procesos para la concepci\u00f3n del sistema de trabajo pol\u00edtico-ideol\u00f3gico constituye una prioridad del sector educacional en La Sierpe, con acciones precisas tanto docentes como extracurriculares.<\/p>\n<p><iframe src=\"https:\/\/www.ivoox.com\/player_ej_169693602_6_1.html?c1=7a0d0b\" width=\"100%\" height=\"200\" frameborder=\"0\" scrolling=\"no\" allowfullscreen=\"allowfullscreen\"><\/iframe><\/p>\n<p>Ante la intensa guerra cultural y simb\u00f3lica que se nos impone, con fuerte presencia en las redes sociales, dirigidas a fracturar la unidad del pueblo y borrar la memoria hist\u00f3rica de la naci\u00f3n, la labor en las instituciones educativas hace hincapi\u00e9 en las esencias y valores de la Revoluci\u00f3n, en la formaci\u00f3n de las nuevas generaciones, entre las m\u00e1s influenciadas.<\/p>\n<p>El conocimiento de la Historia con actividades atractivas que despierten inter\u00e9s en el alumnado, la sistematicidad en el tratamiento de los valores \u00e9ticos, morales y humanistas, y todo lo relacionado con la formaci\u00f3n de la conciencia revolucionaria antiimperialista, resultan esenciales en el trabajo pol\u00edtico y ideol\u00f3gico en inter\u00e9s de sus objetivos.<\/p>\n<p>Otros temas de relevante impacto en el sector en esta etapa del proceso de perfeccionamiento continuo del sistema general de educaci\u00f3n, lo constituyen el trabajo preventivo educativo con importantes retos en los actuales escenarios de la vida social, el trabajo metodol\u00f3gico con los docentes, la direcci\u00f3n del aprendizaje y la gesti\u00f3n del capital humano, su formaci\u00f3n pedag\u00f3gica y profesionalizaci\u00f3n.<\/p>\n","protected":false},"excerpt":{"rendered":"<p>El modelo de gesti\u00f3n por procesos para la concepci\u00f3n del sistema de trabajo pol\u00edtico-ideol\u00f3gico constituye una prioridad del sector educacional en La Sierpe, con acciones precisas tanto docentes como extracurriculares.<\/p>\n","protected":false},"author":136,"featured_media":64754,"comment_status":"open","ping_status":"open","sticky":false,"template":"","format":"standard","meta":{"_acf_changed":false,"footnotes":""},"categories":[8,14,9,1],"tags":[],"coauthors":[1875],"class_list":["post-64753","post","type-post","status-publish","format-standard","has-post-thumbnail","hentry","category-noticia","category-educacion","category-en-audio","category-sancti-spiritus"],"acf":[],"_links":{"self":[{"href":"https:\/\/www.radiosanctispiritus.cu\/es\/wp-json\/wp\/v2\/posts\/64753","targetHints":{"allow":["GET"]}}],"collection":[{"href":"https:\/\/www.radiosanctispiritus.cu\/es\/wp-json\/wp\/v2\/posts"}],"about":[{"href":"https:\/\/www.radiosanctispiritus.cu\/es\/wp-json\/wp\/v2\/types\/post"}],"author":[{"embeddable":true,"href":"https:\/\/www.radiosanctispiritus.cu\/es\/wp-json\/wp\/v2\/users\/136"}],"replies":[{"embeddable":true,"href":"https:\/\/www.radiosanctispiritus.cu\/es\/wp-json\/wp\/v2\/comments?post=64753"}],"version-history":[{"count":1,"href":"https:\/\/www.radiosanctispiritus.cu\/es\/wp-json\/wp\/v2\/posts\/64753\/revisions"}],"predecessor-version":[{"id":64755,"href":"https:\/\/www.radiosanctispiritus.cu\/es\/wp-json\/wp\/v2\/posts\/64753\/revisions\/64755"}],"wp:featuredmedia":[{"embeddable":true,"href":"https:\/\/www.radiosanctispiritus.cu\/es\/wp-json\/wp\/v2\/media\/64754"}],"wp:attachment":[{"href":"https:\/\/www.radiosanctispiritus.cu\/es\/wp-json\/wp\/v2\/media?parent=64753"}],"wp:term":[{"taxonomy":"category","embeddable":true,"href":"https:\/\/www.radiosanctispiritus.cu\/es\/wp-json\/wp\/v2\/categories?post=64753"},{"taxonomy":"post_tag","embeddable":true,"href":"https:\/\/www.radiosanctispiritus.cu\/es\/wp-json\/wp\/v2\/tags?post=64753"},{"taxonomy":"author","embeddable":true,"href":"https:\/\/www.radiosanctispiritus.cu\/es\/wp-json\/wp\/v2\/coauthors?post=64753"}],"curies":[{"name":"wp","href":"https:\/\/api.w.org\/{rel}","templated":true}]}}