{"id":64721,"date":"2026-03-09T08:23:54","date_gmt":"2026-03-09T12:23:54","guid":{"rendered":"https:\/\/www.radiosanctispiritus.cu\/es\/?p=64721"},"modified":"2026-03-09T08:23:54","modified_gmt":"2026-03-09T12:23:54","slug":"proyecto-de-la-unicef-aportara-soberania-energetica-al-pediatrico-espirituano","status":"publish","type":"post","link":"https:\/\/www.radiosanctispiritus.cu\/es\/proyecto-de-la-unicef-aportara-soberania-energetica-al-pediatrico-espirituano\/","title":{"rendered":"Proyecto de la Unicef aportar\u00e1 soberan\u00eda energ\u00e9tica al Pedi\u00e1trico espirituano"},"content":{"rendered":"<p>El Hospital Pedi\u00e1trico Provincial de Sancti Sp\u00edritus ser\u00e1 beneficiado con la instalaci\u00f3n de un sistema de paneles solares y bater\u00edas de gran potencia, gracias a una donaci\u00f3n del Fondo de las Naciones Unidas para la Infancia (UNICEF). La iniciativa forma parte de un proyecto destinado a garantizar la estabilidad energ\u00e9tica en instituciones de salud priorizadas en Cuba.<\/p>\n<p>El doctor Ram\u00f3n Aquino Lorenzo, director del centro, explic\u00f3 que el proyecto incluye la instalaci\u00f3n de ocho bater\u00edas de 50 kW, acompa\u00f1adas de paneles fotovoltaicos en las azoteas del hospital. \u00abEsto nos va a garantizar que ante cualquier contingencia energ\u00e9tica a nivel de pa\u00eds, el hospital mantenga su vitalidad\u00bb, afirm\u00f3.<\/p>\n<p>Aunque el centro ya cuenta con dos grupos electr\u00f3genos y est\u00e1 ubicado en un circuito priorizado, el nuevo sistema aportar\u00e1 mayor estabilidad y reducir\u00e1 la dependencia de combustibles f\u00f3siles. Las bater\u00edas permitir\u00e1n almacenar energ\u00eda durante el d\u00eda para utilizarla en horario nocturno, asegurando el funcionamiento de \u00e1reas cr\u00edticas como el cuerpo de guardia, la unidad de cuidados intensivos, el sal\u00f3n de operaciones, la central de esterilizaci\u00f3n y la iluminaci\u00f3n de todas las salas.<\/p>\n<p>Seg\u00fan Aquino Lorenzo, los equipos ya est\u00e1n comprados y listos para su instalaci\u00f3n. \u00abEs una cosa que est\u00e1 ya caminando a nivel de pa\u00eds, porque los insumos est\u00e1n, los equipos est\u00e1n comprados y donados a trav\u00e9s de los dise\u00f1os\u00bb, puntualiz\u00f3.<\/p>\n<p>Con esta inversi\u00f3n tecnol\u00f3gica, el Hospital Pedi\u00e1trico de Sancti Sp\u00edritus se posicionar\u00e1 a la vanguardia en el uso de energ\u00edas renovables dentro del sistema de salud cubano, reforzando su compromiso de brindar una atenci\u00f3n segura, continua y de calidad a la poblaci\u00f3n infantil de la provincia.<\/p>\n<p><iframe src=\"https:\/\/www.ivoox.com\/player_ej_169693952_6_1.html?c1=7a0d0b\" width=\"100%\" height=\"200\" frameborder=\"0\" allowfullscreen=\"\" scrolling=\"no\" loading=\"lazy\"><\/iframe><\/p>\n","protected":false},"excerpt":{"rendered":"<p>El Hospital Pedi\u00e1trico Provincial de Sancti Sp\u00edritus ser\u00e1 beneficiado con la instalaci\u00f3n de un sistema de paneles solares y bater\u00edas de gran potencia, gracias a una donaci\u00f3n del Fondo de las Naciones Unidas para la Infancia (UNICEF)<\/p>\n","protected":false},"author":29,"featured_media":64368,"comment_status":"open","ping_status":"open","sticky":false,"template":"","format":"standard","meta":{"_acf_changed":false,"footnotes":""},"categories":[8,9,1],"tags":[1200,1780,2095],"coauthors":[1856],"class_list":["post-64721","post","type-post","status-publish","format-standard","has-post-thumbnail","hentry","category-noticia","category-en-audio","category-sancti-spiritus","tag-energia-fotovoltaica","tag-sancti-spiritus","tag-unicef"],"acf":[],"_links":{"self":[{"href":"https:\/\/www.radiosanctispiritus.cu\/es\/wp-json\/wp\/v2\/posts\/64721","targetHints":{"allow":["GET"]}}],"collection":[{"href":"https:\/\/www.radiosanctispiritus.cu\/es\/wp-json\/wp\/v2\/posts"}],"about":[{"href":"https:\/\/www.radiosanctispiritus.cu\/es\/wp-json\/wp\/v2\/types\/post"}],"author":[{"embeddable":true,"href":"https:\/\/www.radiosanctispiritus.cu\/es\/wp-json\/wp\/v2\/users\/29"}],"replies":[{"embeddable":true,"href":"https:\/\/www.radiosanctispiritus.cu\/es\/wp-json\/wp\/v2\/comments?post=64721"}],"version-history":[{"count":2,"href":"https:\/\/www.radiosanctispiritus.cu\/es\/wp-json\/wp\/v2\/posts\/64721\/revisions"}],"predecessor-version":[{"id":64723,"href":"https:\/\/www.radiosanctispiritus.cu\/es\/wp-json\/wp\/v2\/posts\/64721\/revisions\/64723"}],"wp:featuredmedia":[{"embeddable":true,"href":"https:\/\/www.radiosanctispiritus.cu\/es\/wp-json\/wp\/v2\/media\/64368"}],"wp:attachment":[{"href":"https:\/\/www.radiosanctispiritus.cu\/es\/wp-json\/wp\/v2\/media?parent=64721"}],"wp:term":[{"taxonomy":"category","embeddable":true,"href":"https:\/\/www.radiosanctispiritus.cu\/es\/wp-json\/wp\/v2\/categories?post=64721"},{"taxonomy":"post_tag","embeddable":true,"href":"https:\/\/www.radiosanctispiritus.cu\/es\/wp-json\/wp\/v2\/tags?post=64721"},{"taxonomy":"author","embeddable":true,"href":"https:\/\/www.radiosanctispiritus.cu\/es\/wp-json\/wp\/v2\/coauthors?post=64721"}],"curies":[{"name":"wp","href":"https:\/\/api.w.org\/{rel}","templated":true}]}}