{"id":64719,"date":"2026-03-09T08:17:42","date_gmt":"2026-03-09T12:17:42","guid":{"rendered":"https:\/\/www.radiosanctispiritus.cu\/es\/?p=64719"},"modified":"2026-03-09T08:17:42","modified_gmt":"2026-03-09T12:17:42","slug":"emision-del-lunes-9-de-marzo-de-2026","status":"publish","type":"post","link":"https:\/\/www.radiosanctispiritus.cu\/es\/emision-del-lunes-9-de-marzo-de-2026\/","title":{"rendered":"Emisi\u00f3n del lunes, 9 de marzo de 2026"},"content":{"rendered":"<p>En la emisi\u00f3n de hoy, el Noticiero Un Paso M\u00e1s comenz\u00f3 con los titulares m\u00e1s relevantes de la jornada: la ratificaci\u00f3n por parte de la m\u00e1xima dirigente partidista espirituana sobre la importancia estrat\u00e9gica de la zafra azucarera, el inicio de una jornada de acciones por organizaciones solidarias en Estados Unidos contra el bloqueo a Cuba, y la elecci\u00f3n de Sayyed Mojtab\u00e1 Jamenei como nuevo L\u00edder Supremo de Ir\u00e1n tras el fallecimiento de su padre. Adem\u00e1s, nuestra colega Elsa Ramos Ram\u00edrez nos trajo un reporte desde la Empresa Agroindustrial de Granos Sur del J\u00edbaro, en La Sierpe, que enfrenta serios desaf\u00edos por el d\u00e9ficit de agua y combustible para cumplir con la siembra de 30 mil hect\u00e1reas.<\/p>\n<p>En el orden nacional, profundizamos en la Semana de acci\u00f3n en defensa de Cuba que comenz\u00f3 en Estados Unidos, organizada por la Red Nacional de Solidaridad con la Isla, que agrupa a m\u00e1s de 70 organizaciones. Estas jornadas incluyen caravanas, m\u00edtines y campa\u00f1as en redes sociales para condenar el recrudecido bloqueo y exigir la exclusi\u00f3n de Cuba de la lista de pa\u00edses patrocinadores del terrorismo. En el segmento deportivo, destacamos la victoria del equipo Cuba sobre Colombia en el Cl\u00e1sico Mundial de B\u00e9isbol, con una destacada actuaci\u00f3n monticular y el respaldo de la ofensiva, prepar\u00e1ndose para el crucial enfrentamiento de hoy contra Puerto Rico.<\/p>\n<p>En nuestra cobertura provincial, Ada Gonz\u00e1lez Curbelo inform\u00f3 sobre la entrega de m\u00f3dulos de paneles solares fotovoltaicos a 115 educadores de la provincia, mientras que Yosdany Morej\u00f3n Ortega nos llev\u00f3 hasta el Hospital Pedi\u00e1trico Provincial, donde un potente m\u00f3dulo fotovoltaico promete revolucionar la estabilidad energ\u00e9tica del centro. Desde el segmento Ventana Global, Jairo Alberto Pacheco analiza la compleja situaci\u00f3n en Ir\u00e1n tras la elecci\u00f3n de su nuevo L\u00edder Supremo en medio de una escalada militar. Cerramos con la curiosa nota de Yeris del Sauzal Francisco sobre el impacto de fragmentos de un meteorito en viviendas de Alemania, sin dejar de anticipar los adelantos de nuestra agenda informativa, que incluye la campa\u00f1a de siembra de primavera en Taguasco y la actualizaci\u00f3n sobre los servicios de ETECSA en la regi\u00f3n.<\/p>\n<p><iframe src=\"https:\/\/www.ivoox.com\/player_ej_169766336_6_1.html?c1=a30707\" width=\"100%\" height=\"200\" frameborder=\"0\" allowfullscreen=\"\" scrolling=\"no\" loading=\"lazy\"><\/iframe><\/p>\n","protected":false},"excerpt":{"rendered":"<p>En la emisi\u00f3n de hoy, el Noticiero Un Paso M\u00e1s comenz\u00f3 con los titulares m\u00e1s relevantes de la jornada: la ratificaci\u00f3n por parte de la m\u00e1xima dirigente partidista espirituana sobre la importancia estrat\u00e9gica de la zafra azucarera, el inicio de una jornada de acciones por organizaciones solidarias en Estados Unidos contra el bloqueo a Cuba, [&hellip;]<\/p>\n","protected":false},"author":4,"featured_media":62285,"comment_status":"open","ping_status":"open","sticky":false,"template":"","format":"audio","meta":{"_acf_changed":false,"footnotes":""},"categories":[10,2163],"tags":[2166,1768],"coauthors":[1883],"class_list":["post-64719","post","type-post","status-publish","format-audio","has-post-thumbnail","hentry","category-programas-de-radio","category-un-paso-mas","tag-noticias","tag-un-paso-mas","post_format-post-format-audio"],"acf":[],"_links":{"self":[{"href":"https:\/\/www.radiosanctispiritus.cu\/es\/wp-json\/wp\/v2\/posts\/64719","targetHints":{"allow":["GET"]}}],"collection":[{"href":"https:\/\/www.radiosanctispiritus.cu\/es\/wp-json\/wp\/v2\/posts"}],"about":[{"href":"https:\/\/www.radiosanctispiritus.cu\/es\/wp-json\/wp\/v2\/types\/post"}],"author":[{"embeddable":true,"href":"https:\/\/www.radiosanctispiritus.cu\/es\/wp-json\/wp\/v2\/users\/4"}],"replies":[{"embeddable":true,"href":"https:\/\/www.radiosanctispiritus.cu\/es\/wp-json\/wp\/v2\/comments?post=64719"}],"version-history":[{"count":1,"href":"https:\/\/www.radiosanctispiritus.cu\/es\/wp-json\/wp\/v2\/posts\/64719\/revisions"}],"predecessor-version":[{"id":64720,"href":"https:\/\/www.radiosanctispiritus.cu\/es\/wp-json\/wp\/v2\/posts\/64719\/revisions\/64720"}],"wp:featuredmedia":[{"embeddable":true,"href":"https:\/\/www.radiosanctispiritus.cu\/es\/wp-json\/wp\/v2\/media\/62285"}],"wp:attachment":[{"href":"https:\/\/www.radiosanctispiritus.cu\/es\/wp-json\/wp\/v2\/media?parent=64719"}],"wp:term":[{"taxonomy":"category","embeddable":true,"href":"https:\/\/www.radiosanctispiritus.cu\/es\/wp-json\/wp\/v2\/categories?post=64719"},{"taxonomy":"post_tag","embeddable":true,"href":"https:\/\/www.radiosanctispiritus.cu\/es\/wp-json\/wp\/v2\/tags?post=64719"},{"taxonomy":"author","embeddable":true,"href":"https:\/\/www.radiosanctispiritus.cu\/es\/wp-json\/wp\/v2\/coauthors?post=64719"}],"curies":[{"name":"wp","href":"https:\/\/api.w.org\/{rel}","templated":true}]}}