{"id":64680,"date":"2026-03-08T05:14:49","date_gmt":"2026-03-08T09:14:49","guid":{"rendered":"https:\/\/www.radiosanctispiritus.cu\/es\/?p=64680"},"modified":"2026-03-08T06:27:22","modified_gmt":"2026-03-08T10:27:22","slug":"denuncia-diaz-canel-cumbre-reaccionaria-y-neocolonial-en-florida","status":"publish","type":"post","link":"https:\/\/www.radiosanctispiritus.cu\/es\/denuncia-diaz-canel-cumbre-reaccionaria-y-neocolonial-en-florida\/","title":{"rendered":"Denuncia D\u00edaz-Canel cumbre reaccionaria y neocolonial en Florida"},"content":{"rendered":"<p>Miguel D\u00edaz-Canel Berm\u00fadez, Primer Secretario del Comit\u00e9 Central del Partido Comunista de Cuba y Presidente de la Rep\u00fablica, afirm\u00f3 este s\u00e1bado en redes sociales que la reuni\u00f3n convocada por Estados Unidos en Florida con gobiernos de derecha de la regi\u00f3n compromete a esos pa\u00edses a aceptar el uso letal de fuerza militar estadounidense para resolver asuntos internos.<\/p>\n<p>El mandatario calific\u00f3 la cita como una \u00abpeque\u00f1a cumbre reaccionaria y neocolonial\u00bb, y se\u00f1al\u00f3 que constituye un atentado contra la Proclama de Am\u00e9rica Latina y el Caribe como Zona de Paz, aprobada en 2014 por la Comunidad de Estados Latinoamericanos y Caribe\u00f1os.<\/p>\n<p>D\u00edaz-Canel agreg\u00f3 que el encuentro representa \u00abun ataque a las aspiraciones de integraci\u00f3n regional y una manifestaci\u00f3n de la disposici\u00f3n a subordinarse ante los intereses del poderoso vecino del Norte bajo los preceptos de la Doctrina Monroe\u00bb.<\/p>\n<p>La Cumbre \u00abEscudo de las Am\u00e9ricas\u00bb celebrada este s\u00e1bado en Miami bajo la convocatoria de Donald Trump reuni\u00f3 a doce mandatarios latinoamericanos de derecha afines a su administraci\u00f3n como instrumento de alineamiento hemisf\u00e9rico selectivo.<\/p>\n","protected":false},"excerpt":{"rendered":"<p>Miguel D\u00edaz-Canel Berm\u00fadez, Primer Secretario del Comit\u00e9 Central del Partido Comunista de Cuba y Presidente de la Rep\u00fablica, afirm\u00f3 este s\u00e1bado en redes sociales que la reuni\u00f3n convocada por Estados Unidos en Florida con gobiernos de derecha de la regi\u00f3n compromete a esos pa\u00edses a aceptar el uso letal de fuerza militar estadounidense para resolver asuntos internos.<\/p>\n","protected":false},"author":123,"featured_media":64685,"comment_status":"open","ping_status":"open","sticky":false,"template":"","format":"standard","meta":{"_acf_changed":false,"footnotes":""},"categories":[8,3,4],"tags":[522,98,1009,1492,28],"coauthors":[1895],"class_list":["post-64680","post","type-post","status-publish","format-standard","has-post-thumbnail","hentry","category-noticia","category-cuba","category-internacionales","tag-america-latina","tag-cuba-ee-uu","tag-cuba-latinoamerica","tag-integracion-latinoamericana-y-caribena","tag-miguel-diaz-canel"],"acf":[],"_links":{"self":[{"href":"https:\/\/www.radiosanctispiritus.cu\/es\/wp-json\/wp\/v2\/posts\/64680","targetHints":{"allow":["GET"]}}],"collection":[{"href":"https:\/\/www.radiosanctispiritus.cu\/es\/wp-json\/wp\/v2\/posts"}],"about":[{"href":"https:\/\/www.radiosanctispiritus.cu\/es\/wp-json\/wp\/v2\/types\/post"}],"author":[{"embeddable":true,"href":"https:\/\/www.radiosanctispiritus.cu\/es\/wp-json\/wp\/v2\/users\/123"}],"replies":[{"embeddable":true,"href":"https:\/\/www.radiosanctispiritus.cu\/es\/wp-json\/wp\/v2\/comments?post=64680"}],"version-history":[{"count":2,"href":"https:\/\/www.radiosanctispiritus.cu\/es\/wp-json\/wp\/v2\/posts\/64680\/revisions"}],"predecessor-version":[{"id":64686,"href":"https:\/\/www.radiosanctispiritus.cu\/es\/wp-json\/wp\/v2\/posts\/64680\/revisions\/64686"}],"wp:featuredmedia":[{"embeddable":true,"href":"https:\/\/www.radiosanctispiritus.cu\/es\/wp-json\/wp\/v2\/media\/64685"}],"wp:attachment":[{"href":"https:\/\/www.radiosanctispiritus.cu\/es\/wp-json\/wp\/v2\/media?parent=64680"}],"wp:term":[{"taxonomy":"category","embeddable":true,"href":"https:\/\/www.radiosanctispiritus.cu\/es\/wp-json\/wp\/v2\/categories?post=64680"},{"taxonomy":"post_tag","embeddable":true,"href":"https:\/\/www.radiosanctispiritus.cu\/es\/wp-json\/wp\/v2\/tags?post=64680"},{"taxonomy":"author","embeddable":true,"href":"https:\/\/www.radiosanctispiritus.cu\/es\/wp-json\/wp\/v2\/coauthors?post=64680"}],"curies":[{"name":"wp","href":"https:\/\/api.w.org\/{rel}","templated":true}]}}