{"id":64656,"date":"2026-03-07T15:23:23","date_gmt":"2026-03-07T20:23:23","guid":{"rendered":"https:\/\/www.radiosanctispiritus.cu\/es\/?p=64656"},"modified":"2026-03-07T15:23:23","modified_gmt":"2026-03-07T20:23:23","slug":"ratifica-maxima-dirigente-partidista-espirituana-relevancia-de-la-zafra-azucarera","status":"publish","type":"post","link":"https:\/\/www.radiosanctispiritus.cu\/es\/ratifica-maxima-dirigente-partidista-espirituana-relevancia-de-la-zafra-azucarera\/","title":{"rendered":"Ratifica m\u00e1xima dirigente partidista espirituana relevancia de la zafra azucarera"},"content":{"rendered":"<p>Tenemos que tener presente que el General de Ej\u00e9rcito, Ra\u00fal Castro, hizo un llamado a recuperar la producci\u00f3n ca\u00f1ero-azucarera como algo estrat\u00e9gico para recuperar nuestra base econ\u00f3mica, que forma parte tambi\u00e9n de nuestro patrimonio, asegur\u00f3 Deivy P\u00e9rez Mart\u00edn,\u00a0miembro del Comit\u00e9 Central del Partido Comunista de Cuba y su primera secretaria en Sancti Sp\u00edritus.<\/p>\n<p>La tambi\u00e9n diputada al Parlamento cubano por Cabaigu\u00e1n intervino en la \u00faltima sesi\u00f3n ordinaria de la Asamblea Municipal del Poder Popular ese territorio, donde reflexion\u00f3 con los delegados sobre una de las m\u00e1s acuciantes urgencias de la econom\u00eda de esta isla ante el adverso contexto con el cual tiene que lidiar en estos momentos.<\/p>\n<p>\u00abHoy el Primer Secretario nos ha dicho que tenemos que saber delimitar qu\u00e9 es del bloqueo y qu\u00e9 no es del bloqueo, y en la ca\u00f1a incide el bloqueo econ\u00f3mico del gobierno de Estados Unidos sobre nuestro pa\u00eds, pero nosotros tambi\u00e9n tenemos que saber que influyen muchos problemas subjetivos\u00bb.<\/p>\n<p>En este \u00faltimo aspecto insisti\u00f3 la primera secretaria del Comit\u00e9 Provincial del Partido en Sancti Sp\u00edritus, ya que es donde hoy se puede incidir para lograr transformaciones.<\/p>\n<p>\u00abHay que ordenarlo primero desde el control y la legalidad del uso de la tierra. Tenemos que controlarla desde el control del \u00e1rea vac\u00eda y el \u00e1rea que tenemos sembrada. Y tenemos que controlar el \u00e1rea que tenemos sembrada, la calidad de la existencia de cultivo y la atenci\u00f3n que le damos a esa existencia de cultivo\u00bb.<\/p>\n<p><iframe src=\"https:\/\/www.ivoox.com\/player_ej_169692496_6_1.html?c1=7a0d0b\" width=\"100%\" height=\"200\" frameborder=\"0\" scrolling=\"no\" allowfullscreen=\"allowfullscreen\"><\/iframe><\/p>\n","protected":false},"excerpt":{"rendered":"<p>Tenemos que tener presente que el General de Ej\u00e9rcito, Ra\u00fal Castro, hizo un llamado a recuperar la producci\u00f3n ca\u00f1ero-azucarera como algo estrat\u00e9gico para recuperar nuestra base econ\u00f3mica, que forma parte tambi\u00e9n de nuestro patrimonio, asegur\u00f3 Deivy P\u00e9rez Mart\u00edn,\u00a0miembro del Comit\u00e9 Central del Partido Comunista de Cuba y su primera secretaria en Sancti Sp\u00edritus.<\/p>\n","protected":false},"author":135,"featured_media":49859,"comment_status":"open","ping_status":"open","sticky":false,"template":"","format":"standard","meta":{"_acf_changed":false,"footnotes":""},"categories":[8,16,9,1],"tags":[270,455,877,44],"coauthors":[1863],"class_list":["post-64656","post","type-post","status-publish","format-standard","has-post-thumbnail","hentry","category-noticia","category-economia","category-en-audio","category-sancti-spiritus","tag-azcuba","tag-azucareros","tag-cana-de-azucar","tag-deivy-perez-martin"],"acf":[],"_links":{"self":[{"href":"https:\/\/www.radiosanctispiritus.cu\/es\/wp-json\/wp\/v2\/posts\/64656","targetHints":{"allow":["GET"]}}],"collection":[{"href":"https:\/\/www.radiosanctispiritus.cu\/es\/wp-json\/wp\/v2\/posts"}],"about":[{"href":"https:\/\/www.radiosanctispiritus.cu\/es\/wp-json\/wp\/v2\/types\/post"}],"author":[{"embeddable":true,"href":"https:\/\/www.radiosanctispiritus.cu\/es\/wp-json\/wp\/v2\/users\/135"}],"replies":[{"embeddable":true,"href":"https:\/\/www.radiosanctispiritus.cu\/es\/wp-json\/wp\/v2\/comments?post=64656"}],"version-history":[{"count":2,"href":"https:\/\/www.radiosanctispiritus.cu\/es\/wp-json\/wp\/v2\/posts\/64656\/revisions"}],"predecessor-version":[{"id":64658,"href":"https:\/\/www.radiosanctispiritus.cu\/es\/wp-json\/wp\/v2\/posts\/64656\/revisions\/64658"}],"wp:featuredmedia":[{"embeddable":true,"href":"https:\/\/www.radiosanctispiritus.cu\/es\/wp-json\/wp\/v2\/media\/49859"}],"wp:attachment":[{"href":"https:\/\/www.radiosanctispiritus.cu\/es\/wp-json\/wp\/v2\/media?parent=64656"}],"wp:term":[{"taxonomy":"category","embeddable":true,"href":"https:\/\/www.radiosanctispiritus.cu\/es\/wp-json\/wp\/v2\/categories?post=64656"},{"taxonomy":"post_tag","embeddable":true,"href":"https:\/\/www.radiosanctispiritus.cu\/es\/wp-json\/wp\/v2\/tags?post=64656"},{"taxonomy":"author","embeddable":true,"href":"https:\/\/www.radiosanctispiritus.cu\/es\/wp-json\/wp\/v2\/coauthors?post=64656"}],"curies":[{"name":"wp","href":"https:\/\/api.w.org\/{rel}","templated":true}]}}