{"id":64638,"date":"2026-03-07T05:21:40","date_gmt":"2026-03-07T10:21:40","guid":{"rendered":"https:\/\/www.radiosanctispiritus.cu\/es\/?p=64638"},"modified":"2026-03-07T14:47:25","modified_gmt":"2026-03-07T19:47:25","slug":"catedra-de-la-mujer-isabel-maria-de-valdivia-se-acerca-a-las-tres-decadas","status":"publish","type":"post","link":"https:\/\/www.radiosanctispiritus.cu\/es\/catedra-de-la-mujer-isabel-maria-de-valdivia-se-acerca-a-las-tres-decadas\/","title":{"rendered":"C\u00e1tedra de la Mujer Isabel Mar\u00eda de Valdivia se acerca a las tres d\u00e9cadas"},"content":{"rendered":"<p>Este 7 de marzo, la C\u00e1tedra de la Mujer \u00a8Isabel Mar\u00eda de Valdivia\u00a8 de la Universidad de Sancti Sp\u00edritus Jos\u00e9 Mart\u00ed P\u00e9rez, llega a sus 29 a\u00f1os de creada.<\/p>\n<p>Desde entonces, la reconocida pedagoga espirituana y defensora de todo lo que concierne al trabajo de g\u00e9nero, Master en Ciencias \u00c1ngela Esther Vald\u00e9s Quesada, se desempe\u00f1a como presidenta de la misma.<\/p>\n<p><strong>Ya suman casi tres d\u00e9cadas, \u00bfc\u00f3mo han logrado mantener el trabajo de la C\u00e1tedra?<\/strong><\/p>\n<p>Desde que comenzamos el trabajo, encomendado por el Centro de Estudios de la Mujer, la Federaci\u00f3n de Mujeres Cubanas (FMC),y el propio Ministerio de Educaci\u00f3n Superior en el pa\u00eds, ten\u00edamos como prioridad trabajar el enfoque de g\u00e9nero en la docencia universitaria, despu\u00e9s se fueron ampliando las tareas y se incorpor\u00f3 la investigaci\u00f3n y el trabajo comunitario, y en la actualidad estamos insertados en dar visibilidad y hacer cumplir el Programa de Adelanto de la Mujer<\/p>\n<p><strong>\u00bfCu\u00e1les son las principales acciones que desarrolla la C\u00e1tedra de la Mujer y las Familias en Sancti Spiritus?<\/strong><\/p>\n<p>M\u00faltiples son las actividades que desarrolla la C\u00e1tedra, siempre con la participaci\u00f3n de los estudiantes universitarios que se han destacado por su accionar en aquellas que se realizan en la comunidad donde se ha logrado involucrar a las familias, y en la transverzalizaci\u00f3n de g\u00e9nero en la docencia.<\/p>\n<p>Impartimos cursos de verano, cursos optativos para los estudiantes y realizamos, adem\u00e1s, preparaciones para profesores y directivos de la Universidad en los cursos pre eventos que se imparte en los diferentes acontecimientos cient\u00edficos que desarrolla la Academia.<\/p>\n<p>Como C\u00e1tedra, hemos realizado tres estudios sobre Genero y Violencia en la provincia a partir de dos Proyectos que auspicia el Programa de las Naciones Unidas para el Desarrollo, (PENUD) con el fin de trazar estrategias para erradicar la violencia de g\u00e9nero en las mujeres y las ni\u00f1as, lo cual no exonera al sexo masculino, pues cuando hablamos de g\u00e9nero, estamos refiri\u00e9ndonos a Mujeres y Hombres.<\/p>\n<p><strong>\u00bfQu\u00e9 los ha distinguido en los ha distinguido para merecer reconocimientos a nivel de pa\u00eds?<\/strong><\/p>\n<p>Yo diaria que lo primero es la entrega y la dedicaci\u00f3n de nuestro equipo de trabajo. La c\u00e1tedra ha sido eje esencial en nuestro desempe\u00f1o, desde sus inicios ha tenido sus filiales, con destaque en los centros universitarios municipales y dentro de la misma universidad.<\/p>\n<p>Nosotros nos sentimos orgullosos del trabajo desplegado en estas casi tres d\u00e9cadas de existencia, hemos mantenido una acci\u00f3n sistem\u00e1tica en los diferentes fretes que atendemos que nos ha permitido mantener resultados que han merecido el reconocimiento de la Federaci\u00f3n de Mujeres Cubanas (FMC) y del Ministerio de Educaci\u00f3n Superior MES en el pa\u00eds.<\/p>\n<p>De igual manera, hemos seguido de cerca el desarrollo del Programa de Adelanto para las Mujeres con sus ejes fundamentales.<\/p>\n<p><strong>\u00bfC\u00f3mo valora Angola el trabajo conjunto con la Federaci\u00f3n de Mujeres Cubanas en Sancti Sp\u00edritus?<\/strong><\/p>\n<p>Siempre he trabajado muy vinculada con la FMC; una organizaci\u00f3n con la cual desde muy joven me identifico, he tenido siempre el apoyo en todas esas acciones que desarrollamos en la comunidad, en las propias capacitaciones que realizamos a cuadros de la federaci\u00f3n.<\/p>\n<p>A partir de la nueva Estrategia Integral sobre Violencia, hemos tenido un trabajo que fue reconocido por el secretariado nacional en las Voces por la No Violencia en Villa Clara, un todo eso habla del trabajo conjunto que tenemos.<\/p>\n<p><strong>En medio del complejo escenario que vive el pa\u00eds a causa de la contingencia energ\u00e9tica me dec\u00edas que pretenden celebrar los 29 a\u00f1os de c\u00e1tedra y el 8 de Marzo \u00bfQu\u00e9 tiene previsto\u2019\u00a0<\/strong><\/p>\n<p>Hemos convocado a los estudiantes de las diferentes carreras que hoy est\u00e1n vinculados en sus municipios y comunidades realizando pr\u00e1cticas pre profesionales dada la situaci\u00f3n electro energ\u00e9tica, a sumarse a las actividades que tenga programada la Federaci\u00f3n en cada lugar, pero tambi\u00e9n los hemos convocado a crear sus propias actividades relacionadas con la efem\u00e9ride, para enaltecer el papel de la mujer en los momentos actuales y que dejen sus evidencias graficas en las propias redes sociales.<\/p>\n<p><strong>\u00bfRetos para \u00c1ngela y de la C\u00e1tedra?<\/strong><\/p>\n<p>Muchos, partimos d que el mundo est\u00e1 hecho de hombres y mujeres y todas y todos debemos amarnos en esa cultura de paz, no podemos cansarnos de trabajar por la igualdad de derechos y oportunidades entre mujeres y hombres, y esa es nuestra m\u00e1xima.<\/p>\n<p>Hay que continuar con el trabajo de g\u00e9nero, para aprender a convivir sin violencia, y alcanzar esa cultura de paz que se necesita para vivir mejor, concluy\u00f3 la reconocida catedr\u00e1tica, y profesora consultante de la Universidad espirituana, \u00c1ngela Vald\u00e9s Quesada, fundadora y presidenta de la C\u00e1tedra de la Mujer Isabel Mar\u00eda de Valdivia de la Universidad de Sancti Sp\u00edritus, desde sus inicios.<\/p>\n<p><iframe src=\"https:\/\/www.ivoox.com\/player_ej_169665589_6_1.html?c1=7a0d0b\" width=\"100%\" height=\"200\" frameborder=\"0\" scrolling=\"no\" allowfullscreen=\"allowfullscreen\"><\/iframe><\/p>\n","protected":false},"excerpt":{"rendered":"<p>Este 7 de marzo, la C\u00e1tedra de la Mujer \u00a8Isabel Mar\u00eda de Valdivia\u00a8 de la Universidad de Sancti Sp\u00edritus Jos\u00e9 Mart\u00ed P\u00e9rez, llega a sus 29 a\u00f1os de creada.<\/p>\n","protected":false},"author":8,"featured_media":64652,"comment_status":"open","ping_status":"open","sticky":false,"template":"","format":"standard","meta":{"_acf_changed":false,"footnotes":""},"categories":[9,8,1],"tags":[967,127,1723],"coauthors":[1917],"class_list":["post-64638","post","type-post","status-publish","format-standard","has-post-thumbnail","hentry","category-en-audio","category-noticia","category-sancti-spiritus","tag-federacion-de-mujeres-cubanas","tag-fmc","tag-universidad-de-sancti-spiritus-jose-marti-perez"],"acf":[],"_links":{"self":[{"href":"https:\/\/www.radiosanctispiritus.cu\/es\/wp-json\/wp\/v2\/posts\/64638","targetHints":{"allow":["GET"]}}],"collection":[{"href":"https:\/\/www.radiosanctispiritus.cu\/es\/wp-json\/wp\/v2\/posts"}],"about":[{"href":"https:\/\/www.radiosanctispiritus.cu\/es\/wp-json\/wp\/v2\/types\/post"}],"author":[{"embeddable":true,"href":"https:\/\/www.radiosanctispiritus.cu\/es\/wp-json\/wp\/v2\/users\/8"}],"replies":[{"embeddable":true,"href":"https:\/\/www.radiosanctispiritus.cu\/es\/wp-json\/wp\/v2\/comments?post=64638"}],"version-history":[{"count":5,"href":"https:\/\/www.radiosanctispiritus.cu\/es\/wp-json\/wp\/v2\/posts\/64638\/revisions"}],"predecessor-version":[{"id":64653,"href":"https:\/\/www.radiosanctispiritus.cu\/es\/wp-json\/wp\/v2\/posts\/64638\/revisions\/64653"}],"wp:featuredmedia":[{"embeddable":true,"href":"https:\/\/www.radiosanctispiritus.cu\/es\/wp-json\/wp\/v2\/media\/64652"}],"wp:attachment":[{"href":"https:\/\/www.radiosanctispiritus.cu\/es\/wp-json\/wp\/v2\/media?parent=64638"}],"wp:term":[{"taxonomy":"category","embeddable":true,"href":"https:\/\/www.radiosanctispiritus.cu\/es\/wp-json\/wp\/v2\/categories?post=64638"},{"taxonomy":"post_tag","embeddable":true,"href":"https:\/\/www.radiosanctispiritus.cu\/es\/wp-json\/wp\/v2\/tags?post=64638"},{"taxonomy":"author","embeddable":true,"href":"https:\/\/www.radiosanctispiritus.cu\/es\/wp-json\/wp\/v2\/coauthors?post=64638"}],"curies":[{"name":"wp","href":"https:\/\/api.w.org\/{rel}","templated":true}]}}