{"id":64634,"date":"2026-03-07T05:15:00","date_gmt":"2026-03-07T10:15:00","guid":{"rendered":"https:\/\/www.radiosanctispiritus.cu\/es\/?p=64634"},"modified":"2026-03-07T14:55:53","modified_gmt":"2026-03-07T19:55:53","slug":"sucursal-cimex-sancti-spiritus-labora-por-preservar-sus-servicios","status":"publish","type":"post","link":"https:\/\/www.radiosanctispiritus.cu\/es\/sucursal-cimex-sancti-spiritus-labora-por-preservar-sus-servicios\/","title":{"rendered":"Sucursal CIMEX Sancti Sp\u00edritus labora por preservar sus servicios"},"content":{"rendered":"<p><!--more-->La crisis energ\u00e9tica que vive el pa\u00eds ha obligado a las empresas a buscar alternativas para mantener sus servicios. En Sancti Spiritus, la sucursal Cimex adopta medidas para enfrentar esta situaci\u00f3n, a decir de Yoannis Valladares Gonz\u00e1lez, gerente general de esa entidad en la provincia. \u201cCimex en la provincia ha tomado un grupo de medidas en aras de afectar lo menos posible los servicios en los establecimientos comerciales. Indiscutiblemente tenemos afectaci\u00f3n en los servicios\u201d.<\/p>\n<p>\u201cHoy hay una limitaci\u00f3n con el tema combustible que nos afecta operar, como lo hac\u00edamos anteriormente en los grupos electr\u00f3genos, con el tema de la asignaci\u00f3n de combustible\u201d.<\/p>\n<p>El directivo reconoce que las limitaciones de combustible han obligado a reducir horarios en los servicios. Hubo una reducci\u00f3n del horario de servicio de los grupos electr\u00f3genos.<\/p>\n<p>\u201cEn los servicentros, una hora en el horario de la ma\u00f1ana y dos horas en el horario de la tarde, mientras que tengamos la posibilidad de cumplir con ese horario que acordamos con el gobierno\u201d.<\/p>\n<p>\u201c La protecci\u00f3n de los sistemas tecnol\u00f3gicos tambi\u00e9n ha sido una prioridad en medio de la carencia de combustible. Tambi\u00e9n \u00a0hemos tomado un grupo de medidas relacionadas con protecci\u00f3n del servidor, que es donde pasan todas las transacciones electr\u00f3nicas que se hacen en todos los comercios. Hemos tratado de proteger el servidor para que no exista afectaci\u00f3n en ning\u00fan municipio\u201d.<\/p>\n<p>El gerente de Cimex en Sancti Spiritus asegura que la apuesta por las energ\u00edas renovables forma parte de la estrategia de la empresa. \u201cCasualmente est\u00e1bamos desde el a\u00f1o pasado en una inversi\u00f3n en el servicio del kil\u00f3metro 336 con paneles solares que estamos ya en la etapa final, en los pr\u00f3ximos d\u00edas ya lo pondremos en marcha y vamos a trabajar en otros servicentros\u201d.<\/p>\n<p>Valladares Gonz\u00e1lez resalta el esfuerzo del personal y las medidas de ahorro en las \u00e1reas administrativas.<\/p>\n<p>\u201cEso tambi\u00e9n se est\u00e1 llevando a cabo en la sucursal, tratar de afectar lo menos posible \u00a0los servicios. No hemos cerrado ning\u00fan centro, pero quiz\u00e1s tambi\u00e9n tengamos que no cumplir estrictamente el horario que tenemos establecido, porque la movilidad tambi\u00e9n nos afecta con el tema del transporte de la provincia, que est\u00e1 limitado\u201d.<\/p>\n<p>Hasta ahora no hemos tenido que cerrar ninguna unidad y estamos trabajando para que no se afecten los servicios en la provincia\u201d.<\/p>\n<p><iframe src=\"https:\/\/www.ivoox.com\/player_ej_169669239_6_1.html?c1=7a0d0b\" width=\"100%\" height=\"200\" frameborder=\"0\" scrolling=\"no\" allowfullscreen=\"allowfullscreen\"><\/iframe><\/p>\n","protected":false},"excerpt":{"rendered":"<p>La crisis energ\u00e9tica que vive el pa\u00eds ha obligado a las empresas a buscar alternativas para mantener sus servicios. En Sancti Spiritus, la sucursal Cimex adopta medidas para enfrentar esta situaci\u00f3n,<\/p>\n","protected":false},"author":166,"featured_media":14755,"comment_status":"open","ping_status":"open","sticky":false,"template":"","format":"standard","meta":{"_acf_changed":false,"footnotes":""},"categories":[16,9,8,1],"tags":[],"coauthors":[1901],"class_list":["post-64634","post","type-post","status-publish","format-standard","has-post-thumbnail","hentry","category-economia","category-en-audio","category-noticia","category-sancti-spiritus"],"acf":[],"_links":{"self":[{"href":"https:\/\/www.radiosanctispiritus.cu\/es\/wp-json\/wp\/v2\/posts\/64634","targetHints":{"allow":["GET"]}}],"collection":[{"href":"https:\/\/www.radiosanctispiritus.cu\/es\/wp-json\/wp\/v2\/posts"}],"about":[{"href":"https:\/\/www.radiosanctispiritus.cu\/es\/wp-json\/wp\/v2\/types\/post"}],"author":[{"embeddable":true,"href":"https:\/\/www.radiosanctispiritus.cu\/es\/wp-json\/wp\/v2\/users\/166"}],"replies":[{"embeddable":true,"href":"https:\/\/www.radiosanctispiritus.cu\/es\/wp-json\/wp\/v2\/comments?post=64634"}],"version-history":[{"count":5,"href":"https:\/\/www.radiosanctispiritus.cu\/es\/wp-json\/wp\/v2\/posts\/64634\/revisions"}],"predecessor-version":[{"id":64655,"href":"https:\/\/www.radiosanctispiritus.cu\/es\/wp-json\/wp\/v2\/posts\/64634\/revisions\/64655"}],"wp:featuredmedia":[{"embeddable":true,"href":"https:\/\/www.radiosanctispiritus.cu\/es\/wp-json\/wp\/v2\/media\/14755"}],"wp:attachment":[{"href":"https:\/\/www.radiosanctispiritus.cu\/es\/wp-json\/wp\/v2\/media?parent=64634"}],"wp:term":[{"taxonomy":"category","embeddable":true,"href":"https:\/\/www.radiosanctispiritus.cu\/es\/wp-json\/wp\/v2\/categories?post=64634"},{"taxonomy":"post_tag","embeddable":true,"href":"https:\/\/www.radiosanctispiritus.cu\/es\/wp-json\/wp\/v2\/tags?post=64634"},{"taxonomy":"author","embeddable":true,"href":"https:\/\/www.radiosanctispiritus.cu\/es\/wp-json\/wp\/v2\/coauthors?post=64634"}],"curies":[{"name":"wp","href":"https:\/\/api.w.org\/{rel}","templated":true}]}}