{"id":64616,"date":"2026-03-07T05:10:32","date_gmt":"2026-03-07T10:10:32","guid":{"rendered":"https:\/\/www.radiosanctispiritus.cu\/es\/?p=64616"},"modified":"2026-03-07T05:26:43","modified_gmt":"2026-03-07T10:26:43","slug":"hasta-siempre-al-eterno-conservador-de-sancti-spiritus","status":"publish","type":"post","link":"https:\/\/www.radiosanctispiritus.cu\/es\/hasta-siempre-al-eterno-conservador-de-sancti-spiritus\/","title":{"rendered":"Hasta siempre al eterno conservador de Sancti Sp\u00edritus"},"content":{"rendered":"<p>Cuando en julio confes\u00f3 que hasta el \u00faltimo de sus d\u00edas estar\u00eda a los pies de la urbe del Yayabo, Roberto Vitlloch no imagin\u00f3 que ese anhelo llegar\u00eda tan de prisa. Prefiero creer que respondi\u00f3 para salir de esta reportera testigo en aquella jornada no de una despedida como conservador de la Oficina que como fiel arquitecto acomod\u00f3 sino de un momento donde florecieron muchos abrazos sinceros de la familia, amistades y compa\u00f1eros de trabajo.<\/p>\n<p><iframe src=\"https:\/\/www.ivoox.com\/player_ej_169670058_6_1.html?c1=7a0d0b\" width=\"100%\" height=\"200\" frameborder=\"0\" scrolling=\"no\" allowfullscreen=\"allowfullscreen\"><\/iframe><\/p>\n<p>Fue una ma\u00f1ana hermosa, de esos sucesos que calan hondo porque te confirman que las entregas y pasiones por la profesi\u00f3n que te elige valen la pena. As\u00ed lo vivi\u00f3 \u00e9l, el espirituano de peque\u00f1a estatura, pero de inmenso esp\u00edritu cuando sal\u00eda a cualquier escenario en defensa de un patrimonio conocido de memoria.<\/p>\n<p>No pudo ser diferente porque Roberto Vitlloch vivi\u00f3 para Sancti Sp\u00edritus pr\u00e1cticamente desde que vino al mundo. Por ello, no sorprendi\u00f3 que durante sus estudios en la Universidad Tecnol\u00f3gica de La Habana Jos\u00e9 Antonio Echevarr\u00eda (CUJAE), cada plano, idea, proyecto emergi\u00f3 con trazos de como la llamaba \u201cla ensalada arquitect\u00f3nica\u201d de una ciudad con estructura de plato roto. Tampoco, asombr\u00f3 que dej\u00f3 a un lado opciones tentadoras y pidi\u00f3 con el t\u00edtulo en las manos impulsar muchos de sus sue\u00f1os y el de otros en esta misma tierra.<\/p>\n<p>Fue esa su manera de agradecer, pagar\u2026 lo que tanto le aportaba la a\u00f1eja villa a cada paso por uno de sus bocacalles, parque Seraf\u00edn S\u00e1nchez Valdivia, m\u00e1rgenes del r\u00edo Yayabo\u2026<\/p>\n<p>\u201cVitlloch le debe a la ciudad el esp\u00edritu de espirituanidad, de transitar por las calles, de bailar las congas\u2026\u201d, dej\u00f3 escapar en aquel \u00faltimo encuentro justo en uno de sus tantos anhelos materializados: el bello y confortable Sal\u00f3n de Convenciones La Merced.<\/p>\n<p>Como sucede cuando se quiere hacer mucho, a este arquitecto de grandes sue\u00f1os le qued\u00f3 repleta la agenda. Pens\u00f3 desde su casa en Avenida de los M\u00e1rtires No. 217, despu\u00e9s de aceptar la jubilaci\u00f3n,\u00a0acompa\u00f1ar, guiar, ense\u00f1ar\u2026, saldar deudas con el sitio Hornos de cal, donde fragmentos de naturaleza aut\u00f3ctona toman vida, el Paso de las Damas, escenario con huellas de Seraf\u00edn S\u00e1nchez y Pueblo viejo, un espacio que se empe\u00f1a en no quedar en el olvido porque tiene mucho que contar de los a\u00f1os fundacionales.<\/p>\n<p>Mencionar cada anhelo pendiente ser\u00e1 desafiar la concisi\u00f3n period\u00edstica porque Vitlloch, a semejanza de un Quijote, jam\u00e1s depuso su defensa a ultranza por los valores de la cuarta villa de Cuba. Demasiadas batallas libr\u00f3 siempre. Argumentos como escudos lo llevaron a la victoria, unas veces, en otras, a buscar el mejor camino porque de cansancio, dejarse vencer jam\u00e1s entendi\u00f3.<\/p>\n<p>De ah\u00ed que la ovaci\u00f3n acompa\u00f1\u00f3, en aquella ma\u00f1ana de finales de julio, su declaraci\u00f3n que solo tomar\u00eda un impasse porque Roberto Vitlloch no podr\u00eda alejarse de la ciudad de sus sue\u00f1os: \u201cSiempre ser\u00e9 un conservador de Sancti Sp\u00edritus\u201d, aleg\u00f3 y lo ser\u00e1.<\/p>\n","protected":false},"excerpt":{"rendered":"<p>Cuando en julio confes\u00f3 que hasta el \u00faltimo de sus d\u00edas estar\u00eda a los pies de la urbe del Yayabo, Roberto Vitlloch no imagin\u00f3 que ese anhelo llegar\u00eda tan de prisa.<\/p>\n","protected":false},"author":12,"featured_media":64617,"comment_status":"open","ping_status":"open","sticky":false,"template":"","format":"standard","meta":{"_acf_changed":false,"footnotes":""},"categories":[8,6,9,1],"tags":[],"coauthors":[1864],"class_list":["post-64616","post","type-post","status-publish","format-standard","has-post-thumbnail","hentry","category-noticia","category-cultura","category-en-audio","category-sancti-spiritus"],"acf":[],"_links":{"self":[{"href":"https:\/\/www.radiosanctispiritus.cu\/es\/wp-json\/wp\/v2\/posts\/64616","targetHints":{"allow":["GET"]}}],"collection":[{"href":"https:\/\/www.radiosanctispiritus.cu\/es\/wp-json\/wp\/v2\/posts"}],"about":[{"href":"https:\/\/www.radiosanctispiritus.cu\/es\/wp-json\/wp\/v2\/types\/post"}],"author":[{"embeddable":true,"href":"https:\/\/www.radiosanctispiritus.cu\/es\/wp-json\/wp\/v2\/users\/12"}],"replies":[{"embeddable":true,"href":"https:\/\/www.radiosanctispiritus.cu\/es\/wp-json\/wp\/v2\/comments?post=64616"}],"version-history":[{"count":5,"href":"https:\/\/www.radiosanctispiritus.cu\/es\/wp-json\/wp\/v2\/posts\/64616\/revisions"}],"predecessor-version":[{"id":64622,"href":"https:\/\/www.radiosanctispiritus.cu\/es\/wp-json\/wp\/v2\/posts\/64616\/revisions\/64622"}],"wp:featuredmedia":[{"embeddable":true,"href":"https:\/\/www.radiosanctispiritus.cu\/es\/wp-json\/wp\/v2\/media\/64617"}],"wp:attachment":[{"href":"https:\/\/www.radiosanctispiritus.cu\/es\/wp-json\/wp\/v2\/media?parent=64616"}],"wp:term":[{"taxonomy":"category","embeddable":true,"href":"https:\/\/www.radiosanctispiritus.cu\/es\/wp-json\/wp\/v2\/categories?post=64616"},{"taxonomy":"post_tag","embeddable":true,"href":"https:\/\/www.radiosanctispiritus.cu\/es\/wp-json\/wp\/v2\/tags?post=64616"},{"taxonomy":"author","embeddable":true,"href":"https:\/\/www.radiosanctispiritus.cu\/es\/wp-json\/wp\/v2\/coauthors?post=64616"}],"curies":[{"name":"wp","href":"https:\/\/api.w.org\/{rel}","templated":true}]}}