{"id":64589,"date":"2026-03-06T13:53:23","date_gmt":"2026-03-06T18:53:23","guid":{"rendered":"https:\/\/www.radiosanctispiritus.cu\/es\/?p=64589"},"modified":"2026-03-06T13:53:23","modified_gmt":"2026-03-06T18:53:23","slug":"vive-yaguajay-nuevo-espacio-de-mujeres","status":"publish","type":"post","link":"https:\/\/www.radiosanctispiritus.cu\/es\/vive-yaguajay-nuevo-espacio-de-mujeres\/","title":{"rendered":"Vive Yaguajay nuevo Espacio de Mujeres"},"content":{"rendered":"<p>Dedicado esta vez a Misladis Vega Hern\u00e1ndez, consagrada trabajadora social en el Consejo Popular Obdulio Morales, Yaguajay realiz\u00f3 una nueva edici\u00f3n del espacio Voces de Mujeres, encuentro que cre\u00f3 y auspicia la C\u00e1tedra de G\u00e9nero e Identidad del Centro Universitario Sim\u00f3n Bol\u00edvar, coordinado y rectorado tambi\u00e9n por la FMC del municipio.<\/p>\n<p><iframe src=\"https:\/\/www.ivoox.com\/player_ej_169615794_6_1.html?c1=7a0d0b\" width=\"100%\" height=\"200\" frameborder=\"0\" scrolling=\"no\" allowfullscreen=\"allowfullscreen\"><\/iframe><\/p>\n","protected":false},"excerpt":{"rendered":"<p>Dedicado esta vez a Misladis Vega Hern\u00e1ndez, consagrada trabajadora social en el Consejo Popular Obdulio Morales, Yaguajay realiz\u00f3 una nueva edici\u00f3n del espacio Voces de Mujeres, encuentro que cre\u00f3 y auspicia la C\u00e1tedra de G\u00e9nero e Identidad del Centro Universitario Sim\u00f3n Bol\u00edvar, coordinado y rectorado tambi\u00e9n por la FMC del municipio.<\/p>\n","protected":false},"author":165,"featured_media":64590,"comment_status":"open","ping_status":"open","sticky":false,"template":"","format":"standard","meta":{"_acf_changed":false,"footnotes":""},"categories":[8,9,1],"tags":[],"coauthors":[1881],"class_list":["post-64589","post","type-post","status-publish","format-standard","has-post-thumbnail","hentry","category-noticia","category-en-audio","category-sancti-spiritus"],"acf":[],"_links":{"self":[{"href":"https:\/\/www.radiosanctispiritus.cu\/es\/wp-json\/wp\/v2\/posts\/64589","targetHints":{"allow":["GET"]}}],"collection":[{"href":"https:\/\/www.radiosanctispiritus.cu\/es\/wp-json\/wp\/v2\/posts"}],"about":[{"href":"https:\/\/www.radiosanctispiritus.cu\/es\/wp-json\/wp\/v2\/types\/post"}],"author":[{"embeddable":true,"href":"https:\/\/www.radiosanctispiritus.cu\/es\/wp-json\/wp\/v2\/users\/165"}],"replies":[{"embeddable":true,"href":"https:\/\/www.radiosanctispiritus.cu\/es\/wp-json\/wp\/v2\/comments?post=64589"}],"version-history":[{"count":1,"href":"https:\/\/www.radiosanctispiritus.cu\/es\/wp-json\/wp\/v2\/posts\/64589\/revisions"}],"predecessor-version":[{"id":64591,"href":"https:\/\/www.radiosanctispiritus.cu\/es\/wp-json\/wp\/v2\/posts\/64589\/revisions\/64591"}],"wp:featuredmedia":[{"embeddable":true,"href":"https:\/\/www.radiosanctispiritus.cu\/es\/wp-json\/wp\/v2\/media\/64590"}],"wp:attachment":[{"href":"https:\/\/www.radiosanctispiritus.cu\/es\/wp-json\/wp\/v2\/media?parent=64589"}],"wp:term":[{"taxonomy":"category","embeddable":true,"href":"https:\/\/www.radiosanctispiritus.cu\/es\/wp-json\/wp\/v2\/categories?post=64589"},{"taxonomy":"post_tag","embeddable":true,"href":"https:\/\/www.radiosanctispiritus.cu\/es\/wp-json\/wp\/v2\/tags?post=64589"},{"taxonomy":"author","embeddable":true,"href":"https:\/\/www.radiosanctispiritus.cu\/es\/wp-json\/wp\/v2\/coauthors?post=64589"}],"curies":[{"name":"wp","href":"https:\/\/api.w.org\/{rel}","templated":true}]}}