{"id":64579,"date":"2026-03-06T08:47:31","date_gmt":"2026-03-06T13:47:31","guid":{"rendered":"https:\/\/www.radiosanctispiritus.cu\/es\/?p=64579"},"modified":"2026-03-06T08:47:31","modified_gmt":"2026-03-06T13:47:31","slug":"emision-del-viernes-6-de-marzo-de-2026","status":"publish","type":"post","link":"https:\/\/www.radiosanctispiritus.cu\/es\/emision-del-viernes-6-de-marzo-de-2026\/","title":{"rendered":"Emisi\u00f3n del viernes, 6 de marzo de 2026"},"content":{"rendered":"<p>Comenzamos esta edici\u00f3n de Un Paso M\u00e1s con el parte informativo sobre la situaci\u00f3n electroenerg\u00e9tica en la provincia. Aunque el sistema se estabiliza lentamente, la ausencia de la termoel\u00e9ctrica Antonio Guiteras mantiene la tensi\u00f3n en el centro del pa\u00eds. Seg\u00fan inform\u00f3 el director de la Empresa El\u00e9ctrica en Sancti Sp\u00edritus, la generaci\u00f3n fotovoltaica ha permitido restablecer el servicio por aproximadamente dos horas en la mayor\u00eda de los circuitos, aunque persisten las afectaciones en horario pico. Desde Yaguajay, se report\u00f3 que la alta demanda al reconectar el servicio provoc\u00f3 interrupciones adicionales, evidenciando la compleja realidad que enfrentan las familias espirituanas.<\/p>\n<p>En el \u00e1mbito nacional e internacional, el Ministerio del Interior confirm\u00f3 el avance de las investigaciones sobre el frustrado intento de infiltraci\u00f3n terrorista, destacando la cooperaci\u00f3n ofrecida por las autoridades de Estados Unidos. Mientras tanto, la tensi\u00f3n crece en Oriente Medio: Ir\u00e1n atac\u00f3 con drones al portaviones estadounidense Abraham Lincoln en el Golfo de Om\u00e1n, oblig\u00e1ndolo a retroceder, y el Pent\u00e1gono anunci\u00f3 una nueva fase en el conflicto que podr\u00eda extenderse 100 d\u00edas m\u00e1s. En deportes, toda la atenci\u00f3n est\u00e1 puesta en el debut de Cuba en el VI Cl\u00e1sico Mundial de B\u00e9isbol frente a Panam\u00e1 en Puerto Rico.<\/p>\n<p>La emisi\u00f3n informativa tambi\u00e9n rindi\u00f3 tributo al comandante Hugo Ch\u00e1vez a 13 a\u00f1os de su partida y lamenta profundamente el fallecimiento del destacado arquitecto Roberto Vitlloch, eterno conservador de la ciudad de Sancti Sp\u00edritus. Adem\u00e1s, les acercarmos a historias de superaci\u00f3n y sabor local: desde la tradici\u00f3n coctelera en el Hotel Plaza hasta la ins\u00f3lita granja china donde alimentan peces con chile. Acomp\u00e1\u00f1enos en este recorrido por la actualidad, con la Agenda Informativa del d\u00eda y la promesa de seguir ampliando cada detalle en nuestras plataformas digitales.<\/p>\n<p><iframe src=\"https:\/\/www.ivoox.com\/player_ej_169651305_6_1.html?c1=a30707\" width=\"100%\" height=\"200\" frameborder=\"0\" allowfullscreen=\"\" scrolling=\"no\" loading=\"lazy\"><\/iframe><\/p>\n","protected":false},"excerpt":{"rendered":"<p>Comenzamos esta edici\u00f3n de Un Paso M\u00e1s con el parte informativo sobre la situaci\u00f3n electroenerg\u00e9tica en la provincia<\/p>\n","protected":false},"author":4,"featured_media":62285,"comment_status":"open","ping_status":"open","sticky":false,"template":"","format":"audio","meta":{"_acf_changed":false,"footnotes":""},"categories":[10,2163],"tags":[2166,1768],"coauthors":[1883],"class_list":["post-64579","post","type-post","status-publish","format-audio","has-post-thumbnail","hentry","category-programas-de-radio","category-un-paso-mas","tag-noticias","tag-un-paso-mas","post_format-post-format-audio"],"acf":[],"_links":{"self":[{"href":"https:\/\/www.radiosanctispiritus.cu\/es\/wp-json\/wp\/v2\/posts\/64579","targetHints":{"allow":["GET"]}}],"collection":[{"href":"https:\/\/www.radiosanctispiritus.cu\/es\/wp-json\/wp\/v2\/posts"}],"about":[{"href":"https:\/\/www.radiosanctispiritus.cu\/es\/wp-json\/wp\/v2\/types\/post"}],"author":[{"embeddable":true,"href":"https:\/\/www.radiosanctispiritus.cu\/es\/wp-json\/wp\/v2\/users\/4"}],"replies":[{"embeddable":true,"href":"https:\/\/www.radiosanctispiritus.cu\/es\/wp-json\/wp\/v2\/comments?post=64579"}],"version-history":[{"count":2,"href":"https:\/\/www.radiosanctispiritus.cu\/es\/wp-json\/wp\/v2\/posts\/64579\/revisions"}],"predecessor-version":[{"id":64581,"href":"https:\/\/www.radiosanctispiritus.cu\/es\/wp-json\/wp\/v2\/posts\/64579\/revisions\/64581"}],"wp:featuredmedia":[{"embeddable":true,"href":"https:\/\/www.radiosanctispiritus.cu\/es\/wp-json\/wp\/v2\/media\/62285"}],"wp:attachment":[{"href":"https:\/\/www.radiosanctispiritus.cu\/es\/wp-json\/wp\/v2\/media?parent=64579"}],"wp:term":[{"taxonomy":"category","embeddable":true,"href":"https:\/\/www.radiosanctispiritus.cu\/es\/wp-json\/wp\/v2\/categories?post=64579"},{"taxonomy":"post_tag","embeddable":true,"href":"https:\/\/www.radiosanctispiritus.cu\/es\/wp-json\/wp\/v2\/tags?post=64579"},{"taxonomy":"author","embeddable":true,"href":"https:\/\/www.radiosanctispiritus.cu\/es\/wp-json\/wp\/v2\/coauthors?post=64579"}],"curies":[{"name":"wp","href":"https:\/\/api.w.org\/{rel}","templated":true}]}}