{"id":64571,"date":"2026-03-06T07:30:24","date_gmt":"2026-03-06T12:30:24","guid":{"rendered":"https:\/\/www.radiosanctispiritus.cu\/es\/?p=64571"},"modified":"2026-03-06T08:31:23","modified_gmt":"2026-03-06T13:31:23","slug":"fallecio-roberto-vitlloch-eterno-conservador-del-patrimonio-en-sancti-spiritus","status":"publish","type":"post","link":"https:\/\/www.radiosanctispiritus.cu\/es\/fallecio-roberto-vitlloch-eterno-conservador-del-patrimonio-en-sancti-spiritus\/","title":{"rendered":"Falleci\u00f3 Roberto Vitlloch, eterno conservador del patrimonio en Sancti Sp\u00edritus"},"content":{"rendered":"<p>El destacado arquitecto y defensor del patrimonio cultural, Roberto Vitlloch, falleci\u00f3 este 5 de marzo de 2026 en Sancti Sp\u00edritus, ciudad a la que dedic\u00f3 m\u00e1s de cinco d\u00e9cadas de labor ininterrumpida. Vitlloch fue director de la Oficina del Conservador de la Ciudad durante varios a\u00f1os y principal art\u00edfice de su creaci\u00f3n, aprobada en 2018 mediante el Decreto No. 346 del Consejo de Ministros.<\/p>\n<p>Nacido en la villa del Yayabo, Vitlloch se gradu\u00f3 de arquitecto en la Universidad Tecnol\u00f3gica de La Habana (CUJAE), donde su tesis de grado marc\u00f3 el inicio de una entra\u00f1able amistad con el Historiador de La Habana, Eusebio Leal. Aunque le ofrecieron quedarse en Santa Clara, prefiri\u00f3 regresar a su tierra para trabajar directamente en la calle. Su primera gran obra fue la sede del Gobierno Provincial, y desde entonces particip\u00f3 en numerosas construcciones que modernizaron la ciudad sin perder su esencia.<\/p>\n<p>Su mayor sue\u00f1o fue la creaci\u00f3n de una Oficina del Conservador para Sancti Sp\u00edritus, proyecto que enfrent\u00f3 resistencias pero que logr\u00f3 materializar gracias a su tenacidad y al apoyo de Leal. Bajo su direcci\u00f3n, se impulsaron acciones de conservaci\u00f3n en sitios emblem\u00e1ticos como Hornos de Cal, Paso de Las Damas y Pueblo Viejo, siempre con la convicci\u00f3n de que el patrimonio es un legado que debe protegerse incluso en tiempos dif\u00edciles.<\/p>\n<p>En una de sus \u00faltimas entrevistas, concedida a Escambray, Vitlloch reflexion\u00f3 sobre su v\u00ednculo con la ciudad: \u00abLe debo el esp\u00edritu de transitar por la calle, de bailar con las congas del Santiago Espirituano, ese ambiente popular tan estimulante\u00bb. Sobre la controversial estatua ecuestre del Mayor General Seraf\u00edn S\u00e1nchez, consider\u00f3 que la ciudad la merece, pero en un lugar m\u00e1s adecuado y tras un an\u00e1lisis cuidadoso.<\/p>\n<p>Fueron varias las obras arquitect\u00f3nicas dise\u00f1adas por el maestro como el Motel Los Laureles, el Hotel Zaza, el Estadio Jos\u00e9 A Huelga, el Edificio del Gobierno Provincial de Sancti Sp\u00edritus, entre otras.<\/p>\n<p>Vitlloch prometi\u00f3 seguir cerca: \u00abMi casa estar\u00e1 siempre abierta. Hasta que me muera, estar\u00e9 a los pies de la ciudad\u00bb.<\/p>\n","protected":false},"excerpt":{"rendered":"<p>El destacado arquitecto y defensor del patrimonio cultural, Roberto Vitlloch, falleci\u00f3 este 5 de marzo de 2026 en Sancti Sp\u00edritus, ciudad a la que dedic\u00f3 m\u00e1s de cinco d\u00e9cadas de labor ininterrumpida<\/p>\n","protected":false},"author":4,"featured_media":64572,"comment_status":"open","ping_status":"open","sticky":false,"template":"","format":"standard","meta":{"_acf_changed":false,"footnotes":""},"categories":[8,6,1],"tags":[50,68,1780],"coauthors":[1883],"class_list":["post-64571","post","type-post","status-publish","format-standard","has-post-thumbnail","hentry","category-noticia","category-cultura","category-sancti-spiritus","tag-cuba","tag-oficina-del-conservador-de-la-ciudad-de-sancti-spiritus","tag-sancti-spiritus"],"acf":[],"_links":{"self":[{"href":"https:\/\/www.radiosanctispiritus.cu\/es\/wp-json\/wp\/v2\/posts\/64571","targetHints":{"allow":["GET"]}}],"collection":[{"href":"https:\/\/www.radiosanctispiritus.cu\/es\/wp-json\/wp\/v2\/posts"}],"about":[{"href":"https:\/\/www.radiosanctispiritus.cu\/es\/wp-json\/wp\/v2\/types\/post"}],"author":[{"embeddable":true,"href":"https:\/\/www.radiosanctispiritus.cu\/es\/wp-json\/wp\/v2\/users\/4"}],"replies":[{"embeddable":true,"href":"https:\/\/www.radiosanctispiritus.cu\/es\/wp-json\/wp\/v2\/comments?post=64571"}],"version-history":[{"count":5,"href":"https:\/\/www.radiosanctispiritus.cu\/es\/wp-json\/wp\/v2\/posts\/64571\/revisions"}],"predecessor-version":[{"id":64577,"href":"https:\/\/www.radiosanctispiritus.cu\/es\/wp-json\/wp\/v2\/posts\/64571\/revisions\/64577"}],"wp:featuredmedia":[{"embeddable":true,"href":"https:\/\/www.radiosanctispiritus.cu\/es\/wp-json\/wp\/v2\/media\/64572"}],"wp:attachment":[{"href":"https:\/\/www.radiosanctispiritus.cu\/es\/wp-json\/wp\/v2\/media?parent=64571"}],"wp:term":[{"taxonomy":"category","embeddable":true,"href":"https:\/\/www.radiosanctispiritus.cu\/es\/wp-json\/wp\/v2\/categories?post=64571"},{"taxonomy":"post_tag","embeddable":true,"href":"https:\/\/www.radiosanctispiritus.cu\/es\/wp-json\/wp\/v2\/tags?post=64571"},{"taxonomy":"author","embeddable":true,"href":"https:\/\/www.radiosanctispiritus.cu\/es\/wp-json\/wp\/v2\/coauthors?post=64571"}],"curies":[{"name":"wp","href":"https:\/\/api.w.org\/{rel}","templated":true}]}}