{"id":64566,"date":"2026-03-06T08:11:09","date_gmt":"2026-03-06T13:11:09","guid":{"rendered":"https:\/\/www.radiosanctispiritus.cu\/es\/?p=64566"},"modified":"2026-03-06T08:11:09","modified_gmt":"2026-03-06T13:11:09","slug":"pioneros-espirituanos-se-suman-al-festival-nacional-de-materias-primas","status":"publish","type":"post","link":"https:\/\/www.radiosanctispiritus.cu\/es\/pioneros-espirituanos-se-suman-al-festival-nacional-de-materias-primas\/","title":{"rendered":"Pioneros espirituanos se suman al Festival nacional de materias primas"},"content":{"rendered":"<p>Con motivo del 65 aniversario de la Organizaci\u00f3n de Pioneros Jos\u00e9 Mart\u00ed (OPJM), este viernes 6 de marzo se desarrollar\u00e1 el Festival Nacional de Recuperaci\u00f3n de Materias Primas en todos los colectivos pioneriles del pa\u00eds. En Sancti Sp\u00edritus, la jornada estar\u00e1 marcada por la creatividad y la educaci\u00f3n ambiental, debido a las limitaciones de combustible que enfrenta el territorio.<\/p>\n<p><iframe src=\"https:\/\/www.ivoox.com\/player_ej_169616393_6_1.html?c1=7a0d0b\" width=\"100%\" height=\"200\" frameborder=\"0\" allowfullscreen=\"\" scrolling=\"no\" loading=\"lazy\"><\/iframe><\/p>\n<div id=\"attachment_64568\" style=\"width: 610px\" class=\"wp-caption aligncenter\"><img decoding=\"async\" aria-describedby=\"caption-attachment-64568\" class=\"size-medium wp-image-64568\" src=\"https:\/\/www.radiosanctispiritus.cu\/es\/wp-content\/uploads\/645421957_1323947409778934_1701627745615743327_n-600x600.jpg\" alt=\"\" width=\"600\" height=\"600\" srcset=\"https:\/\/www.radiosanctispiritus.cu\/es\/wp-content\/uploads\/645421957_1323947409778934_1701627745615743327_n-600x600.jpg 600w, https:\/\/www.radiosanctispiritus.cu\/es\/wp-content\/uploads\/645421957_1323947409778934_1701627745615743327_n-1024x1024.jpg 1024w, https:\/\/www.radiosanctispiritus.cu\/es\/wp-content\/uploads\/645421957_1323947409778934_1701627745615743327_n-80x80.jpg 80w, https:\/\/www.radiosanctispiritus.cu\/es\/wp-content\/uploads\/645421957_1323947409778934_1701627745615743327_n-768x768.jpg 768w, https:\/\/www.radiosanctispiritus.cu\/es\/wp-content\/uploads\/645421957_1323947409778934_1701627745615743327_n-1536x1536.jpg 1536w, https:\/\/www.radiosanctispiritus.cu\/es\/wp-content\/uploads\/645421957_1323947409778934_1701627745615743327_n-150x150.jpg 150w, https:\/\/www.radiosanctispiritus.cu\/es\/wp-content\/uploads\/645421957_1323947409778934_1701627745615743327_n.jpg 1920w\" sizes=\"(max-width: 600px) 100vw, 600px\" \/><p id=\"caption-attachment-64568\" class=\"wp-caption-text\">Foto: Tomado del perfil de Facebook de la UJC de Cuba<\/p><\/div>\n<p>Danay Rodr\u00edguez L\u00f3pez, presidenta provincial de los pioneros en Sancti Sp\u00edritus, inform\u00f3 que la Empresa Provincial de Recuperaci\u00f3n de Materias Primas no podr\u00e1 trasladarse a las diferentes instituciones para recoger los aportes, por lo que se ha designado a la Escuela Primaria Federico, ubicada en el Consejo Popular de Col\u00f3n, como sede central de la actividad.<\/p>\n<p>Ante esta situaci\u00f3n, cada centro educacional desarrollar\u00e1 actividades pedag\u00f3gicas enfocadas en la importancia del saneamiento ambiental, la clasificaci\u00f3n de los desechos y las posibilidades de reutilizaci\u00f3n de los materiales en beneficio del desarrollo econ\u00f3mico del pa\u00eds. El objetivo fundamental es fortalecer en las nuevas generaciones la convicci\u00f3n de que reciclar es de sabios y que cuidar el medio ambiente tambi\u00e9n es hacer patria.<\/p>\n<p>A pesar de las dificultades, los pioneros espirituanos demostrar\u00e1n una vez m\u00e1s su compromiso con el cuidado del entorno y su capacidad para convertir los desaf\u00edos en oportunidades de aprendizaje y acci\u00f3n colectiva.<\/p>\n","protected":false},"excerpt":{"rendered":"<p>Con motivo del 65 aniversario de la Organizaci\u00f3n de Pioneros Jos\u00e9 Mart\u00ed (OPJM), este viernes 6 de marzo se desarrollar\u00e1 el Festival Nacional de Recuperaci\u00f3n de Materias Primas en todos los colectivos pioneriles del pa\u00eds. En Sancti Sp\u00edritus, la jornada estar\u00e1 marcada por la creatividad y la educaci\u00f3n ambiental, debido a las limitaciones de combustible que enfrenta el territorio.<\/p>\n","protected":false},"author":197,"featured_media":64567,"comment_status":"open","ping_status":"open","sticky":false,"template":"","format":"standard","meta":{"_acf_changed":false,"footnotes":""},"categories":[8,3,9,1],"tags":[50,341,1780],"coauthors":[2118],"class_list":["post-64566","post","type-post","status-publish","format-standard","has-post-thumbnail","hentry","category-noticia","category-cuba","category-en-audio","category-sancti-spiritus","tag-cuba","tag-materias-primas","tag-sancti-spiritus"],"acf":[],"_links":{"self":[{"href":"https:\/\/www.radiosanctispiritus.cu\/es\/wp-json\/wp\/v2\/posts\/64566","targetHints":{"allow":["GET"]}}],"collection":[{"href":"https:\/\/www.radiosanctispiritus.cu\/es\/wp-json\/wp\/v2\/posts"}],"about":[{"href":"https:\/\/www.radiosanctispiritus.cu\/es\/wp-json\/wp\/v2\/types\/post"}],"author":[{"embeddable":true,"href":"https:\/\/www.radiosanctispiritus.cu\/es\/wp-json\/wp\/v2\/users\/197"}],"replies":[{"embeddable":true,"href":"https:\/\/www.radiosanctispiritus.cu\/es\/wp-json\/wp\/v2\/comments?post=64566"}],"version-history":[{"count":2,"href":"https:\/\/www.radiosanctispiritus.cu\/es\/wp-json\/wp\/v2\/posts\/64566\/revisions"}],"predecessor-version":[{"id":64570,"href":"https:\/\/www.radiosanctispiritus.cu\/es\/wp-json\/wp\/v2\/posts\/64566\/revisions\/64570"}],"wp:featuredmedia":[{"embeddable":true,"href":"https:\/\/www.radiosanctispiritus.cu\/es\/wp-json\/wp\/v2\/media\/64567"}],"wp:attachment":[{"href":"https:\/\/www.radiosanctispiritus.cu\/es\/wp-json\/wp\/v2\/media?parent=64566"}],"wp:term":[{"taxonomy":"category","embeddable":true,"href":"https:\/\/www.radiosanctispiritus.cu\/es\/wp-json\/wp\/v2\/categories?post=64566"},{"taxonomy":"post_tag","embeddable":true,"href":"https:\/\/www.radiosanctispiritus.cu\/es\/wp-json\/wp\/v2\/tags?post=64566"},{"taxonomy":"author","embeddable":true,"href":"https:\/\/www.radiosanctispiritus.cu\/es\/wp-json\/wp\/v2\/coauthors?post=64566"}],"curies":[{"name":"wp","href":"https:\/\/api.w.org\/{rel}","templated":true}]}}