{"id":64560,"date":"2026-03-06T18:04:19","date_gmt":"2026-03-06T23:04:19","guid":{"rendered":"https:\/\/www.radiosanctispiritus.cu\/es\/?p=64560"},"modified":"2026-03-06T18:14:51","modified_gmt":"2026-03-06T23:14:51","slug":"ecomoviles-cargan-favorable-acogida-en-cabaiguan","status":"publish","type":"post","link":"https:\/\/www.radiosanctispiritus.cu\/es\/ecomoviles-cargan-favorable-acogida-en-cabaiguan\/","title":{"rendered":"Ecom\u00f3viles cargan favorable acogida en Cabaigu\u00e1n"},"content":{"rendered":"<p>En medio del complejo escenario energ\u00e9tico que enfrenta el pa\u00eds, el servicio de ecom\u00f3viles en la zona urbana de Cabaigu\u00e1n se ha convertido en un alivio para la transportaci\u00f3n de pasajeros, con una positiva acogida entre los pobladores de esta ciudad del centro-sur de Cuba.<\/p>\n<p><iframe src=\"https:\/\/www.ivoox.com\/player_ej_169615874_6_1.html?c1=7a0d0b\" width=\"100%\" height=\"200\" frameborder=\"0\" scrolling=\"no\" allowfullscreen=\"allowfullscreen\"><\/iframe><\/p>\n<p>A poco m\u00e1s de tres meses de su puesta en marcha, las dos rutas habilitadas en el municipio han transportado alrededor de 100 000 personas, seg\u00fan datos ofrecidos por fuentes de la emisora local, que intercambi\u00f3 con usuarios en la v\u00eda p\u00fablica para conocer sus criterios sobre esta nueva modalidad.<\/p>\n<p>\u00abHan sido una bendici\u00f3n esas guaguitas amarillas, ojal\u00e1 pusieran m\u00e1s\u00bb, expres\u00f3 Mar\u00eda Arena Gonz\u00e1lez, vecina del reparto 22 de Diciembre, una de las zonas beneficiadas con el servicio.<\/p>\n<p>Por su parte, Eduardo P\u00e9rez, usuario habitual de la ruta que conecta el asentamiento de El Perico con el cementerio local, elogi\u00f3 la calidad del servicio, la puntualidad de los veh\u00edculos y el trato amable de los choferes que cubren ese periplo.<\/p>\n<p>La iniciativa, que busca mitigar las dificultades del transporte p\u00fablico en tiempos de contingencia energ\u00e9tica, ha demostrado ser una alternativa eficiente y bien recibida por los cabaiguanenses, quienes esperan que pueda extenderse a otras zonas de la ciudad.<\/p>\n","protected":false},"excerpt":{"rendered":"<p>En medio del complejo escenario energ\u00e9tico que enfrenta el pa\u00eds, el servicio de ecom\u00f3viles en la zona urbana de Cabaigu\u00e1n se ha convertido en un alivio para la transportaci\u00f3n de pasajeros, con una positiva acogida entre los pobladores de esta ciudad del centro-sur de Cuba.<\/p>\n","protected":false},"author":137,"featured_media":58064,"comment_status":"open","ping_status":"open","sticky":false,"template":"","format":"standard","meta":{"_acf_changed":false,"footnotes":""},"categories":[8,9,1],"tags":[133,2173,144],"coauthors":[1872],"class_list":["post-64560","post","type-post","status-publish","format-standard","has-post-thumbnail","hentry","category-noticia","category-en-audio","category-sancti-spiritus","tag-cabaiguan","tag-ecomoviles","tag-transporte"],"acf":[],"_links":{"self":[{"href":"https:\/\/www.radiosanctispiritus.cu\/es\/wp-json\/wp\/v2\/posts\/64560","targetHints":{"allow":["GET"]}}],"collection":[{"href":"https:\/\/www.radiosanctispiritus.cu\/es\/wp-json\/wp\/v2\/posts"}],"about":[{"href":"https:\/\/www.radiosanctispiritus.cu\/es\/wp-json\/wp\/v2\/types\/post"}],"author":[{"embeddable":true,"href":"https:\/\/www.radiosanctispiritus.cu\/es\/wp-json\/wp\/v2\/users\/137"}],"replies":[{"embeddable":true,"href":"https:\/\/www.radiosanctispiritus.cu\/es\/wp-json\/wp\/v2\/comments?post=64560"}],"version-history":[{"count":3,"href":"https:\/\/www.radiosanctispiritus.cu\/es\/wp-json\/wp\/v2\/posts\/64560\/revisions"}],"predecessor-version":[{"id":64630,"href":"https:\/\/www.radiosanctispiritus.cu\/es\/wp-json\/wp\/v2\/posts\/64560\/revisions\/64630"}],"wp:featuredmedia":[{"embeddable":true,"href":"https:\/\/www.radiosanctispiritus.cu\/es\/wp-json\/wp\/v2\/media\/58064"}],"wp:attachment":[{"href":"https:\/\/www.radiosanctispiritus.cu\/es\/wp-json\/wp\/v2\/media?parent=64560"}],"wp:term":[{"taxonomy":"category","embeddable":true,"href":"https:\/\/www.radiosanctispiritus.cu\/es\/wp-json\/wp\/v2\/categories?post=64560"},{"taxonomy":"post_tag","embeddable":true,"href":"https:\/\/www.radiosanctispiritus.cu\/es\/wp-json\/wp\/v2\/tags?post=64560"},{"taxonomy":"author","embeddable":true,"href":"https:\/\/www.radiosanctispiritus.cu\/es\/wp-json\/wp\/v2\/coauthors?post=64560"}],"curies":[{"name":"wp","href":"https:\/\/api.w.org\/{rel}","templated":true}]}}