{"id":64543,"date":"2026-03-05T15:41:31","date_gmt":"2026-03-05T20:41:31","guid":{"rendered":"https:\/\/www.radiosanctispiritus.cu\/es\/?p=64543"},"modified":"2026-03-05T18:45:30","modified_gmt":"2026-03-05T23:45:30","slug":"honraron-en-sancti-spiritus-al-mejor-amigo-de-cuba","status":"publish","type":"post","link":"https:\/\/www.radiosanctispiritus.cu\/es\/honraron-en-sancti-spiritus-al-mejor-amigo-de-cuba\/","title":{"rendered":"Honraron en Sancti Sp\u00edritus al mejor amigo de Cuba"},"content":{"rendered":"<p>Recordar al mejor amigo de Cuba es rememorar los momentos de integraci\u00f3n latinoamericana, expres\u00f3 Lester Rodr\u00edguez Acosta, delegado del Instituto Cubano de Amistad con los Pueblos en Sancti Sp\u00edritus, durante el homenaje de esta tierra al aniversario 13 de la desaparici\u00f3n f\u00edsica del Comandante venezolano Hugo Ch\u00e1vez Fr\u00edas.<\/p>\n<p>El homenaje en la sede del ICAP de Sancti Sp\u00edritus incluy\u00f3 lectura de poemas y canciones donde se confirm\u00f3 la posici\u00f3n de Cuba de ser libre y soberana.<\/p>\n<p>Igualmente, Rodolfo del Pane, italiano asentado en la urbe del Yayabo, dialog\u00f3 sobre la importancia de la solidaridad en los actuales tiempos y c\u00f3mo eso tambi\u00e9n forma parte del legado de Ch\u00e1vez.<\/p>\n<p>Sancti Sp\u00edritus se prestigia en resguardar como parte de su patrimonio una de las guayaberas usadas por el comandante venezolano Hugo Ch\u00e1vez Fr\u00edas. Integra la colecci\u00f3n de esa prenda de vestir m\u00e1s grande del mundo.<\/p>\n<p><iframe src=\"https:\/\/www.ivoox.com\/player_ej_169615662_6_1.html?c1=7a0d0b\" width=\"100%\" height=\"200\" frameborder=\"0\" scrolling=\"no\" allowfullscreen=\"allowfullscreen\"><\/iframe><\/p>\n","protected":false},"excerpt":{"rendered":"<p>Recordar al mejor amigo de Cuba es rememorar los momentos de integraci\u00f3n latinoamericana, expres\u00f3 Lester Rodr\u00edguez Acosta, delegado del Instituto Cubano de Amistad con los Pueblos en Sancti Sp\u00edritus, durante el homenaje de esta tierra al aniversario 13 de la desaparici\u00f3n f\u00edsica del Comandante venezolano Hugo Ch\u00e1vez Fr\u00edas.<\/p>\n","protected":false},"author":12,"featured_media":64544,"comment_status":"open","ping_status":"open","sticky":false,"template":"","format":"standard","meta":{"_acf_changed":false,"footnotes":""},"categories":[8,9,1],"tags":[241,710,567,151],"coauthors":[1864],"class_list":["post-64543","post","type-post","status-publish","format-standard","has-post-thumbnail","hentry","category-noticia","category-en-audio","category-sancti-spiritus","tag-cuba-venezuela","tag-hugo-chavez","tag-icap","tag-solidaridad"],"acf":[],"_links":{"self":[{"href":"https:\/\/www.radiosanctispiritus.cu\/es\/wp-json\/wp\/v2\/posts\/64543","targetHints":{"allow":["GET"]}}],"collection":[{"href":"https:\/\/www.radiosanctispiritus.cu\/es\/wp-json\/wp\/v2\/posts"}],"about":[{"href":"https:\/\/www.radiosanctispiritus.cu\/es\/wp-json\/wp\/v2\/types\/post"}],"author":[{"embeddable":true,"href":"https:\/\/www.radiosanctispiritus.cu\/es\/wp-json\/wp\/v2\/users\/12"}],"replies":[{"embeddable":true,"href":"https:\/\/www.radiosanctispiritus.cu\/es\/wp-json\/wp\/v2\/comments?post=64543"}],"version-history":[{"count":2,"href":"https:\/\/www.radiosanctispiritus.cu\/es\/wp-json\/wp\/v2\/posts\/64543\/revisions"}],"predecessor-version":[{"id":64546,"href":"https:\/\/www.radiosanctispiritus.cu\/es\/wp-json\/wp\/v2\/posts\/64543\/revisions\/64546"}],"wp:featuredmedia":[{"embeddable":true,"href":"https:\/\/www.radiosanctispiritus.cu\/es\/wp-json\/wp\/v2\/media\/64544"}],"wp:attachment":[{"href":"https:\/\/www.radiosanctispiritus.cu\/es\/wp-json\/wp\/v2\/media?parent=64543"}],"wp:term":[{"taxonomy":"category","embeddable":true,"href":"https:\/\/www.radiosanctispiritus.cu\/es\/wp-json\/wp\/v2\/categories?post=64543"},{"taxonomy":"post_tag","embeddable":true,"href":"https:\/\/www.radiosanctispiritus.cu\/es\/wp-json\/wp\/v2\/tags?post=64543"},{"taxonomy":"author","embeddable":true,"href":"https:\/\/www.radiosanctispiritus.cu\/es\/wp-json\/wp\/v2\/coauthors?post=64543"}],"curies":[{"name":"wp","href":"https:\/\/api.w.org\/{rel}","templated":true}]}}