{"id":64508,"date":"2026-03-04T18:04:15","date_gmt":"2026-03-04T23:04:15","guid":{"rendered":"https:\/\/www.radiosanctispiritus.cu\/es\/?p=64508"},"modified":"2026-03-04T18:04:15","modified_gmt":"2026-03-04T23:04:15","slug":"comunicado-del-ministerio-de-relaciones-exteriores","status":"publish","type":"post","link":"https:\/\/www.radiosanctispiritus.cu\/es\/comunicado-del-ministerio-de-relaciones-exteriores\/","title":{"rendered":"Comunicado del Ministerio de Relaciones Exteriores"},"content":{"rendered":"<p>El Ministerio de Relaciones Exteriores de Cuba rechaza en los t\u00e9rminos m\u00e1s en\u00e9rgicos la decisi\u00f3n arbitraria e injustificada del gobierno del Ecuador, de expulsar a todo el personal de la Embajada cubana en ese pa\u00eds.<\/p>\n<p>El 4 de marzo de 2026, el Ministerio de Relaciones Exteriores y Movilidad Humana de la Rep\u00fablica del Ecuador, inform\u00f3 mediante Nota Verbal la decisi\u00f3n de declarar persona non grata, sin aportar argumento alguno, a todo el personal diplom\u00e1tico, consular y administrativo de la Embajada de Cuba en Quito, al que impuso un plazo de 48 horas para abandonar el territorio ecuatoriano.<\/p>\n<p>Se trata de un acto inamistoso y sin precedentes, que da\u00f1a significativamente las hist\u00f3ricas relaciones de amistad y cooperaci\u00f3n entre ambos pa\u00edses y pueblos.<\/p>\n<p>Esta acci\u00f3n demuestra, adem\u00e1s, el desprecio del actual gobierno de Ecuador por las pr\u00e1cticas y cortes\u00edas diplom\u00e1ticas observadas por la comunidad internacional.<\/p>\n<p>El Ministerio reafirma categ\u00f3ricamente que el personal de la Embajada de Cuba en Quito, tal como establece la Convenci\u00f3n de Viena sobre Relaciones Diplom\u00e1ticas de 1961, ha cumplido estrictamente con el respeto a las leyes y reglamentos del Ecuador sin inmiscuirse en los asuntos internos de ese Estado.<\/p>\n<p>No parece casual que haya sido tomada en un contexto caracterizado por el reforzamiento de la agresi\u00f3n de los Estados Unidos contra Cuba y de las fuertes presiones del gobierno de ese pa\u00eds a terceros Estados para que se sumen a esa pol\u00edtica, a escasos d\u00edas de la Cumbre que ha sido convocada en Miami, el 7 de marzo, con un grupo reducido de representantes de gobiernos de la regi\u00f3n.<\/p>\n<p>Cuba est\u00e1 convencida de que el pueblo ecuatoriano sabr\u00e1 defender los lazos de solidaridad y hermandad con Cuba.<\/p>\n<p>La Habana, 4 de marzo de 2026<\/p>\n<p>(Cubaminrex)<\/p>\n","protected":false},"excerpt":{"rendered":"<p>El Ministerio de Relaciones Exteriores de Cuba rechaza en los t\u00e9rminos m\u00e1s en\u00e9rgicos la decisi\u00f3n arbitraria e injustificada del gobierno del Ecuador, de expulsar a todo el personal de la Embajada cubana en ese pa\u00eds.<\/p>\n","protected":false},"author":4,"featured_media":64509,"comment_status":"open","ping_status":"open","sticky":false,"template":"","format":"standard","meta":{"_acf_changed":false,"footnotes":""},"categories":[8,3,4],"tags":[50,575,99],"coauthors":[1883],"class_list":["post-64508","post","type-post","status-publish","format-standard","has-post-thumbnail","hentry","category-noticia","category-cuba","category-internacionales","tag-cuba","tag-cuba-minrex","tag-minrex"],"acf":[],"_links":{"self":[{"href":"https:\/\/www.radiosanctispiritus.cu\/es\/wp-json\/wp\/v2\/posts\/64508","targetHints":{"allow":["GET"]}}],"collection":[{"href":"https:\/\/www.radiosanctispiritus.cu\/es\/wp-json\/wp\/v2\/posts"}],"about":[{"href":"https:\/\/www.radiosanctispiritus.cu\/es\/wp-json\/wp\/v2\/types\/post"}],"author":[{"embeddable":true,"href":"https:\/\/www.radiosanctispiritus.cu\/es\/wp-json\/wp\/v2\/users\/4"}],"replies":[{"embeddable":true,"href":"https:\/\/www.radiosanctispiritus.cu\/es\/wp-json\/wp\/v2\/comments?post=64508"}],"version-history":[{"count":1,"href":"https:\/\/www.radiosanctispiritus.cu\/es\/wp-json\/wp\/v2\/posts\/64508\/revisions"}],"predecessor-version":[{"id":64510,"href":"https:\/\/www.radiosanctispiritus.cu\/es\/wp-json\/wp\/v2\/posts\/64508\/revisions\/64510"}],"wp:featuredmedia":[{"embeddable":true,"href":"https:\/\/www.radiosanctispiritus.cu\/es\/wp-json\/wp\/v2\/media\/64509"}],"wp:attachment":[{"href":"https:\/\/www.radiosanctispiritus.cu\/es\/wp-json\/wp\/v2\/media?parent=64508"}],"wp:term":[{"taxonomy":"category","embeddable":true,"href":"https:\/\/www.radiosanctispiritus.cu\/es\/wp-json\/wp\/v2\/categories?post=64508"},{"taxonomy":"post_tag","embeddable":true,"href":"https:\/\/www.radiosanctispiritus.cu\/es\/wp-json\/wp\/v2\/tags?post=64508"},{"taxonomy":"author","embeddable":true,"href":"https:\/\/www.radiosanctispiritus.cu\/es\/wp-json\/wp\/v2\/coauthors?post=64508"}],"curies":[{"name":"wp","href":"https:\/\/api.w.org\/{rel}","templated":true}]}}