{"id":64503,"date":"2026-03-04T17:54:38","date_gmt":"2026-03-04T22:54:38","guid":{"rendered":"https:\/\/www.radiosanctispiritus.cu\/es\/?p=64503"},"modified":"2026-03-04T17:54:38","modified_gmt":"2026-03-04T22:54:38","slug":"cuba-rechaza-expulsion-de-su-personal-diplomatico-en-ecuador-y-la-califica-de-acto-inamistoso-sin-precedentes","status":"publish","type":"post","link":"https:\/\/www.radiosanctispiritus.cu\/es\/cuba-rechaza-expulsion-de-su-personal-diplomatico-en-ecuador-y-la-califica-de-acto-inamistoso-sin-precedentes\/","title":{"rendered":"Cuba rechaza expulsi\u00f3n de su personal diplom\u00e1tico en Ecuador y la califica de \u00abacto inamistoso sin precedentes\u00bb"},"content":{"rendered":"<p class=\"ds-markdown-paragraph\">El Ministerio de Relaciones Exteriores de Cuba <a href=\"https:\/\/cubaminrex.cu\/es\/comunicado-del-ministerio-de-relaciones-exteriores\" target=\"_blank\" rel=\"noopener noreferrer nofollow\">emiti\u00f3 este mi\u00e9rcoles<\/a> 4 de marzo de 2026 un comunicado oficial en el que rechaza \u00aben los t\u00e9rminos m\u00e1s en\u00e9rgicos\u00bb la decisi\u00f3n del gobierno de Ecuador de declarar persona non grata a todo el personal de la Embajada cubana en Quito y ordenar su salida del pa\u00eds en un plazo de 48 horas.<\/p>\n<p class=\"ds-markdown-paragraph\">La Canciller\u00eda cubana calific\u00f3 la medida como \u00abarbitraria e injustificada\u00bb y se\u00f1al\u00f3 que \u00abno aporta argumento alguno\u00bb para sustentarla. A trav\u00e9s de la nota, el gobierno de la isla sostiene que se trata de \u00abun acto inamistoso y sin precedentes, que da\u00f1a significativamente las hist\u00f3ricas relaciones de amistad y cooperaci\u00f3n entre ambos pa\u00edses y pueblos\u00bb.<\/p>\n<p class=\"ds-markdown-paragraph\">El texto a\u00f1ade que la acci\u00f3n demuestra \u00abel desprecio del actual gobierno de Ecuador por las pr\u00e1cticas y cortes\u00edas diplom\u00e1ticas observadas por la comunidad internacional\u00bb. Asimismo, defiende que el personal de su Embajada en Quito ha cumplido estrictamente con lo establecido en la Convenci\u00f3n de Viena sobre Relaciones Diplom\u00e1ticas de 1961, \u00absin inmiscuirse en los asuntos internos\u00bb del pa\u00eds.<\/p>\n<p class=\"ds-markdown-paragraph\">La declaraci\u00f3n cubana tambi\u00e9n contextualiza la ruptura en un escenario internacional marcado por \u00abel reforzamiento de la agresi\u00f3n de los Estados Unidos contra Cuba\u00bb y \u00ablas fuertes presiones\u00bb de Washington a terceros Estados para que se sumen a esa pol\u00edtica. Menciona, adem\u00e1s, que la decisi\u00f3n ecuatoriana se produce \u00aba escasos d\u00edas de la Cumbre que ha sido convocada en Miami, el 7 de marzo, con un grupo reducido de representantes de gobiernos de la regi\u00f3n\u00bb.<\/p>\n<p class=\"ds-markdown-paragraph\">Cuba concluye su comunicado expresando su \u00abconvencimiento\u00bb de que \u00abel pueblo ecuatoriano sabr\u00e1 defender los lazos de solidaridad y hermandad con Cuba\u00bb.<\/p>\n<p class=\"ds-markdown-paragraph\">Horas antes, el gobierno de Daniel Noboa <a href=\"https:\/\/www.radiosanctispiritus.cu\/es\/ecuador-declara-persona-non-grata-a-toda-la-delegacion-cubana-y-retira-a-su-embajador-en-la-habana\/\">hab\u00eda notificado la expulsi\u00f3n<\/a> de 22 funcionarios de la legaci\u00f3n cubana, incluido el embajador Basilio Antonio Guti\u00e9rrez Garc\u00eda, y dado por terminadas las funciones de su propio embajador en La Habana, Jos\u00e9 Mar\u00eda Borja L\u00f3pez. Hasta el cierre de esta edici\u00f3n, no ha habido una respuesta adicional por parte de Quito.<\/p>\n","protected":false},"excerpt":{"rendered":"<p>El Ministerio de Relaciones Exteriores de Cuba emiti\u00f3 este mi\u00e9rcoles 4 de marzo de 2026 un comunicado oficial en el que rechaza \u00aben los t\u00e9rminos m\u00e1s en\u00e9rgicos\u00bb la decisi\u00f3n del gobierno de Ecuador de declarar persona non grata a todo el personal de la Embajada cubana en Quito y ordenar su salida del pa\u00eds en un plazo de 48 horas.<\/p>\n","protected":false},"author":4,"featured_media":64481,"comment_status":"open","ping_status":"open","sticky":false,"template":"","format":"standard","meta":{"_acf_changed":false,"footnotes":""},"categories":[8,3,4],"tags":[1141,575],"coauthors":[1883],"class_list":["post-64503","post","type-post","status-publish","format-standard","has-post-thumbnail","hentry","category-noticia","category-cuba","category-internacionales","tag-cuba-ecuador","tag-cuba-minrex"],"acf":[],"_links":{"self":[{"href":"https:\/\/www.radiosanctispiritus.cu\/es\/wp-json\/wp\/v2\/posts\/64503","targetHints":{"allow":["GET"]}}],"collection":[{"href":"https:\/\/www.radiosanctispiritus.cu\/es\/wp-json\/wp\/v2\/posts"}],"about":[{"href":"https:\/\/www.radiosanctispiritus.cu\/es\/wp-json\/wp\/v2\/types\/post"}],"author":[{"embeddable":true,"href":"https:\/\/www.radiosanctispiritus.cu\/es\/wp-json\/wp\/v2\/users\/4"}],"replies":[{"embeddable":true,"href":"https:\/\/www.radiosanctispiritus.cu\/es\/wp-json\/wp\/v2\/comments?post=64503"}],"version-history":[{"count":1,"href":"https:\/\/www.radiosanctispiritus.cu\/es\/wp-json\/wp\/v2\/posts\/64503\/revisions"}],"predecessor-version":[{"id":64504,"href":"https:\/\/www.radiosanctispiritus.cu\/es\/wp-json\/wp\/v2\/posts\/64503\/revisions\/64504"}],"wp:featuredmedia":[{"embeddable":true,"href":"https:\/\/www.radiosanctispiritus.cu\/es\/wp-json\/wp\/v2\/media\/64481"}],"wp:attachment":[{"href":"https:\/\/www.radiosanctispiritus.cu\/es\/wp-json\/wp\/v2\/media?parent=64503"}],"wp:term":[{"taxonomy":"category","embeddable":true,"href":"https:\/\/www.radiosanctispiritus.cu\/es\/wp-json\/wp\/v2\/categories?post=64503"},{"taxonomy":"post_tag","embeddable":true,"href":"https:\/\/www.radiosanctispiritus.cu\/es\/wp-json\/wp\/v2\/tags?post=64503"},{"taxonomy":"author","embeddable":true,"href":"https:\/\/www.radiosanctispiritus.cu\/es\/wp-json\/wp\/v2\/coauthors?post=64503"}],"curies":[{"name":"wp","href":"https:\/\/api.w.org\/{rel}","templated":true}]}}