{"id":64478,"date":"2026-03-04T16:50:46","date_gmt":"2026-03-04T21:50:46","guid":{"rendered":"https:\/\/www.radiosanctispiritus.cu\/es\/?p=64478"},"modified":"2026-03-04T16:50:46","modified_gmt":"2026-03-04T21:50:46","slug":"ecuador-declara-persona-non-grata-a-toda-la-delegacion-cubana-y-retira-a-su-embajador-en-la-habana","status":"publish","type":"post","link":"https:\/\/www.radiosanctispiritus.cu\/es\/ecuador-declara-persona-non-grata-a-toda-la-delegacion-cubana-y-retira-a-su-embajador-en-la-habana\/","title":{"rendered":"Ecuador declara persona non grata a toda la delegaci\u00f3n cubana y retira a su embajador en La Habana"},"content":{"rendered":"<p>El Gobierno de Ecuador, mediante Decreto Ejecutivo N.\u00b0 317 suscrito el 3 de marzo de 2026 en Guayaquil, dispuso la terminaci\u00f3n de funciones de Jos\u00e9 Mar\u00eda Borja L\u00f3pez como embajador extraordinario y plenipotenciario ante el Gobierno de Cuba, as\u00ed como en sus cargos concurrentes ante la Mancomunidad de Dominica, Jamaica y San Vicente y las Granadinas, con sede en La Habana.<\/p>\n<p><img decoding=\"async\" class=\"size-medium wp-image-64480 aligncenter\" src=\"https:\/\/www.radiosanctispiritus.cu\/es\/wp-content\/uploads\/HCl6VKFXQAAGOXY-600x707.jpg\" alt=\"\" width=\"600\" height=\"707\" srcset=\"https:\/\/www.radiosanctispiritus.cu\/es\/wp-content\/uploads\/HCl6VKFXQAAGOXY-600x707.jpg 600w, https:\/\/www.radiosanctispiritus.cu\/es\/wp-content\/uploads\/HCl6VKFXQAAGOXY-768x904.jpg 768w, https:\/\/www.radiosanctispiritus.cu\/es\/wp-content\/uploads\/HCl6VKFXQAAGOXY.jpg 788w\" sizes=\"(max-width: 600px) 100vw, 600px\" \/><\/p>\n<p>Este mi\u00e9rcoles, 4 de marzo de 2026, el Ministerio de Relaciones Exteriores y Movilidad Humana, a trav\u00e9s de la Direcci\u00f3n de Ceremonial y Protocolo, emiti\u00f3 la nota N.\u00b0 MREMH-DCP-2026-0002-N dirigida a la Embajada de Cuba en Quito. En el documento, el gobierno ecuatoriano <a href=\"https:\/\/www.prensa-latina.cu\/2026\/03\/04\/ecuador-declara-non-grata-a-mision-diplomatica-de-cuba\/\" target=\"_blank\" rel=\"noopener noreferrer nofollow\">comunic\u00f3 la decisi\u00f3n<\/a> de declarar persona non grata al embajador cubano Basilio Antonio Guti\u00e9rrez Garc\u00eda y a la totalidad del personal diplom\u00e1tico, consular y administrativo de esa misi\u00f3n.<\/p>\n<blockquote class=\"twitter-tweet\">\n<p dir=\"ltr\" lang=\"es\">Bolet\u00edn |<\/p>\n<p>Declaraci\u00f3n de persona non grata al Embajador de Cuba en el Ecuador <a href=\"https:\/\/t.co\/RdoE8sGcbX\" target=\"_blank\" rel=\"noopener noreferrer nofollow\">pic.twitter.com\/RdoE8sGcbX<\/a><\/p>\n<p>\u2014 Canciller\u00eda del Ecuador \ud83c\uddea\ud83c\udde8 (@CancilleriaEc) <a href=\"https:\/\/twitter.com\/CancilleriaEc\/status\/2029305492556661020?ref_src=twsrc%5Etfw\" target=\"_blank\" rel=\"noopener noreferrer nofollow\">March 4, 2026<\/a><\/p><\/blockquote>\n<p><script async src=\"https:\/\/platform.twitter.com\/widgets.js\" charset=\"utf-8\"><\/script><\/p>\n<p>La nota menciona de manera expl\u00edcita a 22 funcionarios, entre ellos consejeros, secretarios, agregados civiles, personal consular y administrativo. Fund\u00e1ndose en el art\u00edculo 9 de la Convenci\u00f3n de Viena sobre Relaciones Diplom\u00e1ticas de 1961, el gobierno ecuatoriano otorg\u00f3 un plazo de 48 horas, contadas desde la notificaci\u00f3n, para que las personas se\u00f1aladas abandonen el pa\u00eds.<\/p>\n<p><img decoding=\"async\" class=\"size-medium wp-image-64479 aligncenter\" src=\"https:\/\/www.radiosanctispiritus.cu\/es\/wp-content\/uploads\/HCl3RnlXYAEKTbo-575x800.jpg\" alt=\"\" width=\"575\" height=\"800\" srcset=\"https:\/\/www.radiosanctispiritus.cu\/es\/wp-content\/uploads\/HCl3RnlXYAEKTbo-575x800.jpg 575w, https:\/\/www.radiosanctispiritus.cu\/es\/wp-content\/uploads\/HCl3RnlXYAEKTbo-736x1024.jpg 736w, https:\/\/www.radiosanctispiritus.cu\/es\/wp-content\/uploads\/HCl3RnlXYAEKTbo-768x1069.jpg 768w, https:\/\/www.radiosanctispiritus.cu\/es\/wp-content\/uploads\/HCl3RnlXYAEKTbo-1104x1536.jpg 1104w, https:\/\/www.radiosanctispiritus.cu\/es\/wp-content\/uploads\/HCl3RnlXYAEKTbo.jpg 1169w\" sizes=\"(max-width: 575px) 100vw, 575px\" \/><\/p>\n<p>Ambas disposiciones dejan ac\u00e9falas las sedes diplom\u00e1ticas de Ecuador en Cuba y de Cuba en Ecuador. El decreto ejecutivo entrar\u00e1 en vigencia desde su suscripci\u00f3n, sin perjuicio de su publicaci\u00f3n en el Registro Oficial, seg\u00fan se\u00f1ala el documento. Hasta el momento no hay pronunciamiento oficial por parte del Gobierno de Cuba.<\/p>\n","protected":false},"excerpt":{"rendered":"<p>El decreto ejecutivo entrar\u00e1 en vigencia desde su suscripci\u00f3n, sin perjuicio de su publicaci\u00f3n en el Registro Oficial, seg\u00fan se\u00f1ala el documento.<\/p>\n","protected":false},"author":4,"featured_media":64481,"comment_status":"open","ping_status":"open","sticky":false,"template":"","format":"standard","meta":{"_acf_changed":false,"footnotes":""},"categories":[8,3,4],"tags":[1141,99],"coauthors":[1883],"class_list":["post-64478","post","type-post","status-publish","format-standard","has-post-thumbnail","hentry","category-noticia","category-cuba","category-internacionales","tag-cuba-ecuador","tag-minrex"],"acf":[],"_links":{"self":[{"href":"https:\/\/www.radiosanctispiritus.cu\/es\/wp-json\/wp\/v2\/posts\/64478","targetHints":{"allow":["GET"]}}],"collection":[{"href":"https:\/\/www.radiosanctispiritus.cu\/es\/wp-json\/wp\/v2\/posts"}],"about":[{"href":"https:\/\/www.radiosanctispiritus.cu\/es\/wp-json\/wp\/v2\/types\/post"}],"author":[{"embeddable":true,"href":"https:\/\/www.radiosanctispiritus.cu\/es\/wp-json\/wp\/v2\/users\/4"}],"replies":[{"embeddable":true,"href":"https:\/\/www.radiosanctispiritus.cu\/es\/wp-json\/wp\/v2\/comments?post=64478"}],"version-history":[{"count":2,"href":"https:\/\/www.radiosanctispiritus.cu\/es\/wp-json\/wp\/v2\/posts\/64478\/revisions"}],"predecessor-version":[{"id":64483,"href":"https:\/\/www.radiosanctispiritus.cu\/es\/wp-json\/wp\/v2\/posts\/64478\/revisions\/64483"}],"wp:featuredmedia":[{"embeddable":true,"href":"https:\/\/www.radiosanctispiritus.cu\/es\/wp-json\/wp\/v2\/media\/64481"}],"wp:attachment":[{"href":"https:\/\/www.radiosanctispiritus.cu\/es\/wp-json\/wp\/v2\/media?parent=64478"}],"wp:term":[{"taxonomy":"category","embeddable":true,"href":"https:\/\/www.radiosanctispiritus.cu\/es\/wp-json\/wp\/v2\/categories?post=64478"},{"taxonomy":"post_tag","embeddable":true,"href":"https:\/\/www.radiosanctispiritus.cu\/es\/wp-json\/wp\/v2\/tags?post=64478"},{"taxonomy":"author","embeddable":true,"href":"https:\/\/www.radiosanctispiritus.cu\/es\/wp-json\/wp\/v2\/coauthors?post=64478"}],"curies":[{"name":"wp","href":"https:\/\/api.w.org\/{rel}","templated":true}]}}