{"id":64447,"date":"2026-03-04T08:20:07","date_gmt":"2026-03-04T13:20:07","guid":{"rendered":"https:\/\/www.radiosanctispiritus.cu\/es\/?p=64447"},"modified":"2026-03-04T08:55:40","modified_gmt":"2026-03-04T13:55:40","slug":"sancti-spiritus-garantiza-continuidad-educativa-en-contingencia","status":"publish","type":"post","link":"https:\/\/www.radiosanctispiritus.cu\/es\/sancti-spiritus-garantiza-continuidad-educativa-en-contingencia\/","title":{"rendered":"Sancti Sp\u00edritus garantiza continuidad educativa en contingencia"},"content":{"rendered":"<p>Pese a la compleja situaci\u00f3n energ\u00e9tica que vive el pa\u00eds, las instituciones educativas en Sancti Sp\u00edritus garantizan la vitalidad de sus procesos, a partir de las medidas organizativas adoptadas por el sector educacional en la provincia para minimizar las afectaciones del periodo acad\u00e9mico.<\/p>\n<p>Yaneisy Berroa Mu\u00f1oz, directora de Educaci\u00f3n B\u00e1sica en la Direcci\u00f3n General de Educaci\u00f3n en Sancti Sp\u00edritus, explic\u00f3 que, a un mes de implementada la estrategia, los educadores espirituanos ratifican la voluntad de sostener la educaci\u00f3n en medio de la crisis energ\u00e9tica.<\/p>\n<h3><strong>\u00bfCu\u00e1les son las principales medidas puestas en pr\u00e1ctica en la provincia?<\/strong><\/h3>\n<p>Primeramente, la premisa fundamental de los educadores espirituanos es que todos los alumnos reciban atenci\u00f3n educativa en medio de esta contingencia energ\u00e9tica.<\/p>\n<p>Nosotros hemos protegido los 33 c\u00edrculos infantiles con que cuenta el territorio y las casitas habilitadas para el cuidado de los peque\u00f1os, con un horario flexible, que les permita a las madres trabajadoras contar con ese servicio el tiempo que lo necesiten.<\/p>\n<p>En este caso, todas las Instituciones cuentan con las condiciones indispensables para la elaboraci\u00f3n de los alimentos y la garant\u00eda de los mismos, a partir de alternativas que ha buscado el Gobierno en la provincia para garantizar que no se afecte ese servicio.<\/p>\n<h3><strong>Esta Direcci\u00f3n abarca tambi\u00e9n los niveles educativos de Primaria y Secundaria B\u00e1sica, \u00bfQu\u00e9 particularidades en espec\u00edfico definen la continuidad del curso en medio de la actual contingencia?<\/strong><\/h3>\n<p>En la Primaria se mantiene la doble sesi\u00f3n como est\u00e1 establecido por el Ministerio de Educaci\u00f3n, siempre que las condiciones lo permitan.<\/p>\n<p>Hay que aclarar que no en todas las instituciones se ha mantenido la doble sesi\u00f3n, dadas las condiciones concretas que tiene que escuela.<\/p>\n<p>En el caso del municipio cabecera, al cerrar la cocina centralizada por falta de combustible para la cocci\u00f3n de los alimentos, hubo que buscar algunas variantes para aquellos estudiantes que, por dis\u00edmiles razones, ya sean lejan\u00eda, vulnerabilidad u otras, prestarles ese servicio.<\/p>\n<p>En la sesi\u00f3n de la tarde, en estas instituciones se le ofrece una atenci\u00f3n diferenciada a aquellos educandos que hoy est\u00e1n sin objetivos vencidos, alumnos repitentes o que tienen una situaci\u00f3n espec\u00edfica con el aprendizaje.<\/p>\n<h3><strong>En el caso de las Secundarias B\u00e1sicas, \u00bfqu\u00e9 se previ\u00f3?\u00a0 <\/strong><\/h3>\n<p>Las Escuelas Secundarias B\u00e1sicas Urbanas se mantiene con la sesi\u00f3n de clases en el horario de la ma\u00f1ana y en las tardes se trabaja con aquellos estudiantes con deficiencias, as\u00ed como a la preparaci\u00f3n metodol\u00f3gica de los docentes.<\/p>\n<p>En el caso de los alumnos de zonas rurales, hubo que reubicar los alumnos en las diferentes Instituciones educativas de la comunidad, que en su mayor\u00eda son de la Educaci\u00f3n Primaria, son atendidos en la sesi\u00f3n de la tarde con actividades complementarias, de formaci\u00f3n laboral y las dirigidas fundamentalmente al aprendizaje, donde reciben el apoyo de los docentes del centro que los asume, o de profesores en diferentes especialidades que residen en la propia comunidad.<\/p>\n<p>\u00bfQu\u00e9 se estableci\u00f3 para los estudiantes de la Educaci\u00f3n Especial?<\/p>\n<p>Esos educandos se mantienen en estos momentos con vida interna en los centros de este nivel en cada municipio. En el caso de Sancti Sp\u00edritus, los estudiantes seminternos lo hacen tambi\u00e9n en sus escuelas. Ellos tienen garantizadas las condiciones, la alimentaci\u00f3n, as\u00ed como el traslado de los docentes para asumir la docencia.<\/p>\n<h3><strong>Para mantener la vitalidad del curso, es importante defender ese v\u00ednculo escuela-familia\u2026<\/strong><\/h3>\n<p>Eso es fundamental, hoy nuestras instituciones educativas mantienen esa comunicaci\u00f3n con la familia y con los propios estudiantes para dar respuesta a cualquier inquietud.<\/p>\n<p>Siempre hacemos la exhortaci\u00f3n al apoyo familiar en esta recta del curso escolar para lograr que ni\u00f1os y adolescentes cumplan sus expectativas con respecto al grado que cursan.<\/p>\n<p>El sector educacional en Sancti Sp\u00edritus y en toda Cuba ha logrado mantener la vitalidad del curso escolar en medio de la compleja situaci\u00f3n energ\u00e9tica que vive el pa\u00eds, gracias a la entrega y dedicaci\u00f3n de los docentes y directivos en cada plantel.<\/p>\n","protected":false},"excerpt":{"rendered":"<p>Pese a la compleja situaci\u00f3n energ\u00e9tica que vive el pa\u00eds, las instituciones educativas en Sancti Sp\u00edritus garantizan la vitalidad de sus procesos, a partir de las medidas organizativas adoptadas por el sector educacional en la provincia para minimizar las afectaciones del periodo acad\u00e9mico.<\/p>\n","protected":false},"author":8,"featured_media":64448,"comment_status":"open","ping_status":"open","sticky":false,"template":"","format":"standard","meta":{"_acf_changed":false,"footnotes":""},"categories":[8,14,1],"tags":[29,1780],"coauthors":[1917],"class_list":["post-64447","post","type-post","status-publish","format-standard","has-post-thumbnail","hentry","category-noticia","category-educacion","category-sancti-spiritus","tag-educacion","tag-sancti-spiritus"],"acf":[],"_links":{"self":[{"href":"https:\/\/www.radiosanctispiritus.cu\/es\/wp-json\/wp\/v2\/posts\/64447","targetHints":{"allow":["GET"]}}],"collection":[{"href":"https:\/\/www.radiosanctispiritus.cu\/es\/wp-json\/wp\/v2\/posts"}],"about":[{"href":"https:\/\/www.radiosanctispiritus.cu\/es\/wp-json\/wp\/v2\/types\/post"}],"author":[{"embeddable":true,"href":"https:\/\/www.radiosanctispiritus.cu\/es\/wp-json\/wp\/v2\/users\/8"}],"replies":[{"embeddable":true,"href":"https:\/\/www.radiosanctispiritus.cu\/es\/wp-json\/wp\/v2\/comments?post=64447"}],"version-history":[{"count":2,"href":"https:\/\/www.radiosanctispiritus.cu\/es\/wp-json\/wp\/v2\/posts\/64447\/revisions"}],"predecessor-version":[{"id":64450,"href":"https:\/\/www.radiosanctispiritus.cu\/es\/wp-json\/wp\/v2\/posts\/64447\/revisions\/64450"}],"wp:featuredmedia":[{"embeddable":true,"href":"https:\/\/www.radiosanctispiritus.cu\/es\/wp-json\/wp\/v2\/media\/64448"}],"wp:attachment":[{"href":"https:\/\/www.radiosanctispiritus.cu\/es\/wp-json\/wp\/v2\/media?parent=64447"}],"wp:term":[{"taxonomy":"category","embeddable":true,"href":"https:\/\/www.radiosanctispiritus.cu\/es\/wp-json\/wp\/v2\/categories?post=64447"},{"taxonomy":"post_tag","embeddable":true,"href":"https:\/\/www.radiosanctispiritus.cu\/es\/wp-json\/wp\/v2\/tags?post=64447"},{"taxonomy":"author","embeddable":true,"href":"https:\/\/www.radiosanctispiritus.cu\/es\/wp-json\/wp\/v2\/coauthors?post=64447"}],"curies":[{"name":"wp","href":"https:\/\/api.w.org\/{rel}","templated":true}]}}