{"id":64404,"date":"2026-03-03T15:13:48","date_gmt":"2026-03-03T20:13:48","guid":{"rendered":"https:\/\/www.radiosanctispiritus.cu\/es\/?p=64404"},"modified":"2026-03-03T21:55:56","modified_gmt":"2026-03-04T02:55:56","slug":"estudiantes-de-la-carrera-de-estomatologia-apoyan-los-servicios-sanitarios-en-la-clinica-municipal-de-fomento","status":"publish","type":"post","link":"https:\/\/www.radiosanctispiritus.cu\/es\/estudiantes-de-la-carrera-de-estomatologia-apoyan-los-servicios-sanitarios-en-la-clinica-municipal-de-fomento\/","title":{"rendered":"Estudiantes de Estomatolog\u00eda apoyan servicios en Cl\u00ednica Municipal de Fomento"},"content":{"rendered":"<p>Cerca de una veintena de estudiantes de la carrera de Estomatolog\u00eda y otras especialidades afines se encuentran apoyando los servicios sanitarios en la Cl\u00ednica Municipal de Fomento.<\/p>\n<p>La M\u00e1ster en Estomatolog\u00eda General Integral y en Atenci\u00f3n Comunitaria, Maite Vel\u00e1zquez M\u00e9ndez, confes\u00f3 que dicho grupo ha sido una inyecci\u00f3n de juventud y buena vibra para el centro, ya que colaboran en la atenci\u00f3n a los pacientes, mostrando inter\u00e9s y preocupaci\u00f3n por los mismos.<\/p>\n<p>&nbsp;<\/p>\n<p><iframe src=\"https:\/\/www.ivoox.com\/player_ej_169355678_6_1.html?c1=7a0d0b\" width=\"100%\" height=\"200\" frameborder=\"0\" scrolling=\"no\" allowfullscreen=\"allowfullscreen\"><\/iframe><\/p>\n","protected":false},"excerpt":{"rendered":"<p>Cerca de una veintena de estudiantes de la carrera de Estomatolog\u00eda y otras especialidades afines se encuentran apoyando los servicios sanitarios en la Cl\u00ednica Municipal de Fomento.<\/p>\n","protected":false},"author":4,"featured_media":64406,"comment_status":"open","ping_status":"open","sticky":false,"template":"","format":"standard","meta":{"_acf_changed":false,"footnotes":""},"categories":[8,9,5,1],"tags":[],"coauthors":[1883],"class_list":["post-64404","post","type-post","status-publish","format-standard","has-post-thumbnail","hentry","category-noticia","category-en-audio","category-salud","category-sancti-spiritus"],"acf":[],"_links":{"self":[{"href":"https:\/\/www.radiosanctispiritus.cu\/es\/wp-json\/wp\/v2\/posts\/64404","targetHints":{"allow":["GET"]}}],"collection":[{"href":"https:\/\/www.radiosanctispiritus.cu\/es\/wp-json\/wp\/v2\/posts"}],"about":[{"href":"https:\/\/www.radiosanctispiritus.cu\/es\/wp-json\/wp\/v2\/types\/post"}],"author":[{"embeddable":true,"href":"https:\/\/www.radiosanctispiritus.cu\/es\/wp-json\/wp\/v2\/users\/4"}],"replies":[{"embeddable":true,"href":"https:\/\/www.radiosanctispiritus.cu\/es\/wp-json\/wp\/v2\/comments?post=64404"}],"version-history":[{"count":2,"href":"https:\/\/www.radiosanctispiritus.cu\/es\/wp-json\/wp\/v2\/posts\/64404\/revisions"}],"predecessor-version":[{"id":64427,"href":"https:\/\/www.radiosanctispiritus.cu\/es\/wp-json\/wp\/v2\/posts\/64404\/revisions\/64427"}],"wp:featuredmedia":[{"embeddable":true,"href":"https:\/\/www.radiosanctispiritus.cu\/es\/wp-json\/wp\/v2\/media\/64406"}],"wp:attachment":[{"href":"https:\/\/www.radiosanctispiritus.cu\/es\/wp-json\/wp\/v2\/media?parent=64404"}],"wp:term":[{"taxonomy":"category","embeddable":true,"href":"https:\/\/www.radiosanctispiritus.cu\/es\/wp-json\/wp\/v2\/categories?post=64404"},{"taxonomy":"post_tag","embeddable":true,"href":"https:\/\/www.radiosanctispiritus.cu\/es\/wp-json\/wp\/v2\/tags?post=64404"},{"taxonomy":"author","embeddable":true,"href":"https:\/\/www.radiosanctispiritus.cu\/es\/wp-json\/wp\/v2\/coauthors?post=64404"}],"curies":[{"name":"wp","href":"https:\/\/api.w.org\/{rel}","templated":true}]}}