{"id":64398,"date":"2026-03-03T15:02:07","date_gmt":"2026-03-03T20:02:07","guid":{"rendered":"https:\/\/www.radiosanctispiritus.cu\/es\/?p=64398"},"modified":"2026-03-03T15:02:07","modified_gmt":"2026-03-03T20:02:07","slug":"sector-educacional-de-cabaiguan-sufre-el-impacto-del-bloqueo","status":"publish","type":"post","link":"https:\/\/www.radiosanctispiritus.cu\/es\/sector-educacional-de-cabaiguan-sufre-el-impacto-del-bloqueo\/","title":{"rendered":"Sector educacional de Cabaigu\u00e1n sufre el impacto del bloqueo"},"content":{"rendered":"<p>El sector educacional de Cabaigu\u00e1n siente de cerca las limitaciones impuestas por el cruel e injusto bloqueo del gobierno norteamericano a Cuba, limitando el buen desarrollo del proceso docente-educativo.<\/p>\n<p>Israel Hern\u00e1ndez Rodr\u00edguez, subdirector de educaci\u00f3n en el territorio ofreci\u00f3 detalles a la prensa sobre las afectaciones que causa el bloqueo a esta importante rama.<\/p>\n<p>El directivo apunt\u00f3 adem\u00e1s que la pol\u00edtica de asfixia imperial afecta esferas tan sensibles como la educaci\u00f3n especial.<\/p>\n<p>La persecuci\u00f3n financiera norteamericana impide el acceso a la base material de estudio necesaria para actualizar los curr\u00edculos escolares.<\/p>\n<p><iframe src=\"https:\/\/www.ivoox.com\/player_ej_169357323_6_1.html?c1=7a0d0b\" width=\"100%\" height=\"200\" frameborder=\"0\" scrolling=\"no\" allowfullscreen=\"allowfullscreen\"><\/iframe><\/p>\n","protected":false},"excerpt":{"rendered":"<p>El sector educacional de Cabaigu\u00e1n siente de cerca las limitaciones impuestas por el cruel e injusto bloqueo del gobierno norteamericano a Cuba, limitando el buen desarrollo del proceso docente-educativo.<\/p>\n","protected":false},"author":137,"featured_media":64399,"comment_status":"open","ping_status":"open","sticky":false,"template":"","format":"standard","meta":{"_acf_changed":false,"footnotes":""},"categories":[8,14,9,1],"tags":[],"coauthors":[1872],"class_list":["post-64398","post","type-post","status-publish","format-standard","has-post-thumbnail","hentry","category-noticia","category-educacion","category-en-audio","category-sancti-spiritus"],"acf":[],"_links":{"self":[{"href":"https:\/\/www.radiosanctispiritus.cu\/es\/wp-json\/wp\/v2\/posts\/64398","targetHints":{"allow":["GET"]}}],"collection":[{"href":"https:\/\/www.radiosanctispiritus.cu\/es\/wp-json\/wp\/v2\/posts"}],"about":[{"href":"https:\/\/www.radiosanctispiritus.cu\/es\/wp-json\/wp\/v2\/types\/post"}],"author":[{"embeddable":true,"href":"https:\/\/www.radiosanctispiritus.cu\/es\/wp-json\/wp\/v2\/users\/137"}],"replies":[{"embeddable":true,"href":"https:\/\/www.radiosanctispiritus.cu\/es\/wp-json\/wp\/v2\/comments?post=64398"}],"version-history":[{"count":1,"href":"https:\/\/www.radiosanctispiritus.cu\/es\/wp-json\/wp\/v2\/posts\/64398\/revisions"}],"predecessor-version":[{"id":64400,"href":"https:\/\/www.radiosanctispiritus.cu\/es\/wp-json\/wp\/v2\/posts\/64398\/revisions\/64400"}],"wp:featuredmedia":[{"embeddable":true,"href":"https:\/\/www.radiosanctispiritus.cu\/es\/wp-json\/wp\/v2\/media\/64399"}],"wp:attachment":[{"href":"https:\/\/www.radiosanctispiritus.cu\/es\/wp-json\/wp\/v2\/media?parent=64398"}],"wp:term":[{"taxonomy":"category","embeddable":true,"href":"https:\/\/www.radiosanctispiritus.cu\/es\/wp-json\/wp\/v2\/categories?post=64398"},{"taxonomy":"post_tag","embeddable":true,"href":"https:\/\/www.radiosanctispiritus.cu\/es\/wp-json\/wp\/v2\/tags?post=64398"},{"taxonomy":"author","embeddable":true,"href":"https:\/\/www.radiosanctispiritus.cu\/es\/wp-json\/wp\/v2\/coauthors?post=64398"}],"curies":[{"name":"wp","href":"https:\/\/api.w.org\/{rel}","templated":true}]}}