{"id":64386,"date":"2026-03-03T08:58:15","date_gmt":"2026-03-03T13:58:15","guid":{"rendered":"https:\/\/www.radiosanctispiritus.cu\/es\/?p=64386"},"modified":"2026-03-03T08:58:15","modified_gmt":"2026-03-03T13:58:15","slug":"arte-espirituano-rendira-culto-a-las-mujeres","status":"publish","type":"post","link":"https:\/\/www.radiosanctispiritus.cu\/es\/arte-espirituano-rendira-culto-a-las-mujeres\/","title":{"rendered":"Arte espirituano rendir\u00e1 culto a las mujeres"},"content":{"rendered":"<p>El sector cultural de Sancti Sp\u00edritus despliega durante todo el mes de marzo un variado programa de actividades dedicado a la mujer, en ocasi\u00f3n del D\u00eda Internacional que se celebra cada 8 de marzo, con el prop\u00f3sito de reforzar la visibilidad de quienes a\u00fan luchan por una mayor participaci\u00f3n en la sociedad y su desarrollo \u00edntegro en equidad con el hombre.<\/p>\n<p>As\u00ed lo inform\u00f3 Luis \u00c1ngel Cruz, comunicador de la Direcci\u00f3n Municipal de Cultura, quien detall\u00f3 que las acciones se extienden a todas las comunidades del territorio, desde los primeros d\u00edas del mes y hasta despu\u00e9s de la fecha central.<\/p>\n<p><iframe src=\"https:\/\/www.ivoox.com\/player_ej_169355686_6_1.html?c1=7a0d0b\" width=\"100%\" height=\"200\" frameborder=\"0\" allowfullscreen=\"\" scrolling=\"no\" loading=\"lazy\"><\/iframe><\/p>\n<p>\u00abTodas las actividades que tendr\u00e1n lugar durante estos d\u00edas est\u00e1n dedicadas a la mujer\u00bb, afirm\u00f3 Cruz. Entre las propuestas destac\u00f3 \u00abLas flores del jard\u00edn\u00bb, que tendr\u00e1 lugar el d\u00eda 4 en la Casa de la Trova; \u00abTradici\u00f3n en la casa\u00bb, el d\u00eda 5 a las 10 de la ma\u00f1ana en el mismo escenario, con la parranda t\u00edpica espirituana; y \u00abMuseo al pueblo\u00bb, que el d\u00eda 6 llegar\u00e1 hasta la tabaquer\u00eda.<\/p>\n<p>El programa incluye adem\u00e1s \u00abLa impronta de la mujer empoderada\u00bb, actividad tradicional del Museo de Historia Natural, prevista para el d\u00eda 6 a las 2 de la tarde con la participaci\u00f3n del Septeto Espirituano. Tambi\u00e9n se mencionaron \u00abMujeres ilustres\u00bb en la Casa de la Trova, la noche de tr\u00edos, la noche de son, y el domingo 8 a las 11 de la ma\u00f1ana, con la parranda femenina como cierre en ese espacio.<\/p>\n<p>En los consejos populares tambi\u00e9n habr\u00e1 opciones, como \u00abMujeres en acci\u00f3n\u00bb, en el Consejo Popular de Los Olivos, el d\u00eda 8 a las 7 de la noche en el reparto Toyos, con la participaci\u00f3n de artistas, aficionados y mujeres destacadas de la comunidad.<\/p>\n<p>El D\u00eda Internacional de la Mujer se convierte as\u00ed en una fecha id\u00f3nea para conmemorar el sacrificio de tantas mujeres que, en la historia reciente de la humanidad, han batallado sin tregua por la equidad y han logrado los primeros cambios hacia una sociedad m\u00e1s justa e inclusiva.<\/p>\n","protected":false},"excerpt":{"rendered":"<p>El sector cultural de Sancti Sp\u00edritus despliega durante todo el mes de marzo un variado programa de actividades dedicado a la mujer, en ocasi\u00f3n del D\u00eda Internacional que se celebra cada 8 de marzo, con el prop\u00f3sito de reforzar la visibilidad de quienes a\u00fan luchan por una mayor participaci\u00f3n en la sociedad y su desarrollo \u00edntegro en equidad con el hombre.<\/p>\n","protected":false},"author":12,"featured_media":62107,"comment_status":"open","ping_status":"open","sticky":false,"template":"","format":"standard","meta":{"_acf_changed":false,"footnotes":""},"categories":[8,6,9,1],"tags":[360,1118,1780],"coauthors":[1864],"class_list":["post-64386","post","type-post","status-publish","format-standard","has-post-thumbnail","hentry","category-noticia","category-cultura","category-en-audio","category-sancti-spiritus","tag-cultura-espirituana","tag-dia-internacional-de-la-mujer","tag-sancti-spiritus"],"acf":[],"_links":{"self":[{"href":"https:\/\/www.radiosanctispiritus.cu\/es\/wp-json\/wp\/v2\/posts\/64386","targetHints":{"allow":["GET"]}}],"collection":[{"href":"https:\/\/www.radiosanctispiritus.cu\/es\/wp-json\/wp\/v2\/posts"}],"about":[{"href":"https:\/\/www.radiosanctispiritus.cu\/es\/wp-json\/wp\/v2\/types\/post"}],"author":[{"embeddable":true,"href":"https:\/\/www.radiosanctispiritus.cu\/es\/wp-json\/wp\/v2\/users\/12"}],"replies":[{"embeddable":true,"href":"https:\/\/www.radiosanctispiritus.cu\/es\/wp-json\/wp\/v2\/comments?post=64386"}],"version-history":[{"count":1,"href":"https:\/\/www.radiosanctispiritus.cu\/es\/wp-json\/wp\/v2\/posts\/64386\/revisions"}],"predecessor-version":[{"id":64387,"href":"https:\/\/www.radiosanctispiritus.cu\/es\/wp-json\/wp\/v2\/posts\/64386\/revisions\/64387"}],"wp:featuredmedia":[{"embeddable":true,"href":"https:\/\/www.radiosanctispiritus.cu\/es\/wp-json\/wp\/v2\/media\/62107"}],"wp:attachment":[{"href":"https:\/\/www.radiosanctispiritus.cu\/es\/wp-json\/wp\/v2\/media?parent=64386"}],"wp:term":[{"taxonomy":"category","embeddable":true,"href":"https:\/\/www.radiosanctispiritus.cu\/es\/wp-json\/wp\/v2\/categories?post=64386"},{"taxonomy":"post_tag","embeddable":true,"href":"https:\/\/www.radiosanctispiritus.cu\/es\/wp-json\/wp\/v2\/tags?post=64386"},{"taxonomy":"author","embeddable":true,"href":"https:\/\/www.radiosanctispiritus.cu\/es\/wp-json\/wp\/v2\/coauthors?post=64386"}],"curies":[{"name":"wp","href":"https:\/\/api.w.org\/{rel}","templated":true}]}}