{"id":64383,"date":"2026-03-03T08:55:59","date_gmt":"2026-03-03T13:55:59","guid":{"rendered":"https:\/\/www.radiosanctispiritus.cu\/es\/?p=64383"},"modified":"2026-03-03T08:55:59","modified_gmt":"2026-03-03T13:55:59","slug":"reforzara-estabilidad-energetica-hospital-psiquiatrico-provincial-con-fuente-renovable","status":"publish","type":"post","link":"https:\/\/www.radiosanctispiritus.cu\/es\/reforzara-estabilidad-energetica-hospital-psiquiatrico-provincial-con-fuente-renovable\/","title":{"rendered":"Reforzar\u00e1 estabilidad energ\u00e9tica Hospital Psiqui\u00e1trico Provincial con fuente renovable"},"content":{"rendered":"<p>El Hospital Psiqui\u00e1trico Docente Provincial de Sancti Sp\u00edritus contar\u00e1 a partir del pr\u00f3ximo 8 de marzo con un m\u00f3dulo fotovoltaico que reforzar\u00e1 la estabilidad energ\u00e9tica de los servicios en sus seis salas de hospitalizaci\u00f3n, como parte de las medidas priorizadas por la m\u00e1xima direcci\u00f3n del pa\u00eds para centros de alta sensibilidad social.<\/p>\n<p><iframe src=\"https:\/\/www.ivoox.com\/player_ej_169360641_6_1.html?c1=7a0d0b\" width=\"100%\" height=\"200\" frameborder=\"0\" scrolling=\"no\" allowfullscreen=\"allowfullscreen\"><\/iframe><\/p>\n<p>As\u00ed lo inform\u00f3 la doctora Lianna Mar\u00eda Mart\u00ednez Rodr\u00edguez, directora de la instituci\u00f3n, quien precis\u00f3 que ya concluy\u00f3 la instalaci\u00f3n de los soportes estructurales y los paneles solares, y solo resta el montaje del inversor y el banco de bater\u00edas para la puesta en funcionamiento del sistema.<\/p>\n<p>\u00abFuimos beneficiados con la instalaci\u00f3n de un m\u00f3dulo fotovoltaico de 2 kW, montado por la empresa Panelec sobre la sala de hospitalizaci\u00f3n de larga estad\u00eda, donde se concentra el mayor n\u00famero de pacientes ingresados. Ya se encuentran en la provincia las bater\u00edas y acaban de arribar los inversores\u00bb, explic\u00f3 Mart\u00ednez Rodr\u00edguez.<\/p>\n<p>La directora destac\u00f3 el impacto positivo de esta inversi\u00f3n: \u00abMediante la energ\u00eda renovable logramos suplir los cortes del servicio el\u00e9ctrico y podemos usar la corriente fotovoltaica, lo que mejora la calidad de la asistencia m\u00e9dica. Es una oportunidad maravillosa\u00bb.<\/p>\n<p>El sistema beneficiar\u00e1 directamente a los 80 pacientes actualmente ingresados, cuya estabilidad cl\u00ednica depende del funcionamiento ininterrumpido de equipos m\u00e9dicos, la conservaci\u00f3n de medicamentos y las rutinas terap\u00e9uticas.<\/p>\n<p>Mart\u00ednez Rodr\u00edguez adelant\u00f3 que, por la estructura de pabellones del hospital, se prev\u00e9 la instalaci\u00f3n progresiva de m\u00e1s m\u00f3dulos en otras salas seg\u00fan las capacidades de carga y necesidades. Adem\u00e1s, inform\u00f3 que cinco trabajadores destacados del centro fueron beneficiados con m\u00f3dulos fotovoltaicos de 1200 W y 800 W para sus hogares, lo que impacta positivamente en la familia cubana.<\/p>\n<p>Con esta acci\u00f3n, el Hospital Psiqui\u00e1trico Provincial de Sancti Sp\u00edritus avanza hacia una mayor autonom\u00eda energ\u00e9tica, garantizando la continuidad asistencial y elevando la calidad de vida de pacientes y trabajadores.<\/p>\n","protected":false},"excerpt":{"rendered":"<p>El Hospital Psiqui\u00e1trico Docente Provincial de Sancti Sp\u00edritus contar\u00e1 a partir del pr\u00f3ximo 8 de marzo con un m\u00f3dulo fotovoltaico que reforzar\u00e1 la estabilidad energ\u00e9tica de los servicios en sus seis salas de hospitalizaci\u00f3n, como parte de las medidas priorizadas por la m\u00e1xima direcci\u00f3n del pa\u00eds para centros de alta sensibilidad social.<\/p>\n","protected":false},"author":29,"featured_media":64384,"comment_status":"open","ping_status":"open","sticky":false,"template":"","format":"standard","meta":{"_acf_changed":false,"footnotes":""},"categories":[8,9,5,1],"tags":[1200,529,1812,2125,1780],"coauthors":[1856],"class_list":["post-64383","post","type-post","status-publish","format-standard","has-post-thumbnail","hentry","category-noticia","category-en-audio","category-salud","category-sancti-spiritus","tag-energia-fotovoltaica","tag-hospital-psiquiatrico","tag-salud-cubana","tag-salud-mental","tag-sancti-spiritus"],"acf":[],"_links":{"self":[{"href":"https:\/\/www.radiosanctispiritus.cu\/es\/wp-json\/wp\/v2\/posts\/64383","targetHints":{"allow":["GET"]}}],"collection":[{"href":"https:\/\/www.radiosanctispiritus.cu\/es\/wp-json\/wp\/v2\/posts"}],"about":[{"href":"https:\/\/www.radiosanctispiritus.cu\/es\/wp-json\/wp\/v2\/types\/post"}],"author":[{"embeddable":true,"href":"https:\/\/www.radiosanctispiritus.cu\/es\/wp-json\/wp\/v2\/users\/29"}],"replies":[{"embeddable":true,"href":"https:\/\/www.radiosanctispiritus.cu\/es\/wp-json\/wp\/v2\/comments?post=64383"}],"version-history":[{"count":1,"href":"https:\/\/www.radiosanctispiritus.cu\/es\/wp-json\/wp\/v2\/posts\/64383\/revisions"}],"predecessor-version":[{"id":64385,"href":"https:\/\/www.radiosanctispiritus.cu\/es\/wp-json\/wp\/v2\/posts\/64383\/revisions\/64385"}],"wp:featuredmedia":[{"embeddable":true,"href":"https:\/\/www.radiosanctispiritus.cu\/es\/wp-json\/wp\/v2\/media\/64384"}],"wp:attachment":[{"href":"https:\/\/www.radiosanctispiritus.cu\/es\/wp-json\/wp\/v2\/media?parent=64383"}],"wp:term":[{"taxonomy":"category","embeddable":true,"href":"https:\/\/www.radiosanctispiritus.cu\/es\/wp-json\/wp\/v2\/categories?post=64383"},{"taxonomy":"post_tag","embeddable":true,"href":"https:\/\/www.radiosanctispiritus.cu\/es\/wp-json\/wp\/v2\/tags?post=64383"},{"taxonomy":"author","embeddable":true,"href":"https:\/\/www.radiosanctispiritus.cu\/es\/wp-json\/wp\/v2\/coauthors?post=64383"}],"curies":[{"name":"wp","href":"https:\/\/api.w.org\/{rel}","templated":true}]}}