{"id":64340,"date":"2026-03-02T14:48:18","date_gmt":"2026-03-02T19:48:18","guid":{"rendered":"https:\/\/www.radiosanctispiritus.cu\/es\/?p=64340"},"modified":"2026-03-02T14:48:18","modified_gmt":"2026-03-02T19:48:18","slug":"reajusta-sector-educativo-de-yaguajay-su-funcionamiento-en-medio-de-actual-contexto-energetico","status":"publish","type":"post","link":"https:\/\/www.radiosanctispiritus.cu\/es\/reajusta-sector-educativo-de-yaguajay-su-funcionamiento-en-medio-de-actual-contexto-energetico\/","title":{"rendered":"Reajusta sector educativo de Yaguajay  su funcionamiento en medio de actual contexto energ\u00e9tico"},"content":{"rendered":"<p>En las \u00faltimas horas tuvo lugar un intercambio en la Direcci\u00f3n General de Educaci\u00f3n de Yaguajay con parte de la directiva del Sector en Sancti Sp\u00edritus para evaluar las medidas tomadas a ra\u00edz de la contingencia energ\u00e9tica y su influencia dentro de las escuelas del territorio, tanto para alumnos como maestros de la tierra de la Ni\u00f1a Mala.<\/p>\n<p>La cita fue presidida por el l\u00edder del Ej\u00e9rcito Pedag\u00f3gico en el municipio, Jaciel Carballo Gonz\u00e1lez, y por la parte provincial lider\u00f3 el director de la Direcci\u00f3n de Planificaci\u00f3n y Aseguramiento de Educaci\u00f3n, Jorge Luis Hern\u00e1ndez del Sol.<\/p>\n<p><iframe src=\"https:\/\/www.ivoox.com\/player_ej_169273097_6_1.html?c1=7a0d0b\" width=\"100%\" height=\"200\" frameborder=\"0\" scrolling=\"no\" allowfullscreen=\"allowfullscreen\"><\/iframe><\/p>\n","protected":false},"excerpt":{"rendered":"<p>En las \u00faltimas horas tuvo lugar un intercambio en la Direcci\u00f3n General de Educaci\u00f3n de Yaguajay con parte de la directiva del Sector en Sancti Sp\u00edritus para evaluar las medidas tomadas a ra\u00edz de la contingencia energ\u00e9tica y su influencia dentro de las escuelas del territorio, tanto para alumnos como maestros de la tierra de la Ni\u00f1a Mala.<\/p>\n","protected":false},"author":146,"featured_media":64341,"comment_status":"open","ping_status":"open","sticky":false,"template":"","format":"standard","meta":{"_acf_changed":false,"footnotes":""},"categories":[8,14,9],"tags":[],"coauthors":[1922],"class_list":["post-64340","post","type-post","status-publish","format-standard","has-post-thumbnail","hentry","category-noticia","category-educacion","category-en-audio"],"acf":[],"_links":{"self":[{"href":"https:\/\/www.radiosanctispiritus.cu\/es\/wp-json\/wp\/v2\/posts\/64340","targetHints":{"allow":["GET"]}}],"collection":[{"href":"https:\/\/www.radiosanctispiritus.cu\/es\/wp-json\/wp\/v2\/posts"}],"about":[{"href":"https:\/\/www.radiosanctispiritus.cu\/es\/wp-json\/wp\/v2\/types\/post"}],"author":[{"embeddable":true,"href":"https:\/\/www.radiosanctispiritus.cu\/es\/wp-json\/wp\/v2\/users\/146"}],"replies":[{"embeddable":true,"href":"https:\/\/www.radiosanctispiritus.cu\/es\/wp-json\/wp\/v2\/comments?post=64340"}],"version-history":[{"count":1,"href":"https:\/\/www.radiosanctispiritus.cu\/es\/wp-json\/wp\/v2\/posts\/64340\/revisions"}],"predecessor-version":[{"id":64342,"href":"https:\/\/www.radiosanctispiritus.cu\/es\/wp-json\/wp\/v2\/posts\/64340\/revisions\/64342"}],"wp:featuredmedia":[{"embeddable":true,"href":"https:\/\/www.radiosanctispiritus.cu\/es\/wp-json\/wp\/v2\/media\/64341"}],"wp:attachment":[{"href":"https:\/\/www.radiosanctispiritus.cu\/es\/wp-json\/wp\/v2\/media?parent=64340"}],"wp:term":[{"taxonomy":"category","embeddable":true,"href":"https:\/\/www.radiosanctispiritus.cu\/es\/wp-json\/wp\/v2\/categories?post=64340"},{"taxonomy":"post_tag","embeddable":true,"href":"https:\/\/www.radiosanctispiritus.cu\/es\/wp-json\/wp\/v2\/tags?post=64340"},{"taxonomy":"author","embeddable":true,"href":"https:\/\/www.radiosanctispiritus.cu\/es\/wp-json\/wp\/v2\/coauthors?post=64340"}],"curies":[{"name":"wp","href":"https:\/\/api.w.org\/{rel}","templated":true}]}}