{"id":64328,"date":"2026-03-02T07:17:50","date_gmt":"2026-03-02T12:17:50","guid":{"rendered":"https:\/\/www.radiosanctispiritus.cu\/es\/?p=64328"},"modified":"2026-03-02T08:01:18","modified_gmt":"2026-03-02T13:01:18","slug":"herramientas-digitales-aprendizaje-en-linea","status":"publish","type":"post","link":"https:\/\/www.radiosanctispiritus.cu\/es\/herramientas-digitales-aprendizaje-en-linea\/","title":{"rendered":"Herramientas digitales: aprendizaje en l\u00ednea"},"content":{"rendered":"<p>Ante la actual contingencia energ\u00e9tica, la Universidad de Ciencias M\u00e9dicas en Sancti Sp\u00edritus apuesta por herramientas digitales para mantener el proceso docente.<\/p>\n<p>Entre ellas destaca la plataforma docente.ssp.sld.cu, visible a nivel nacional desde todas las instalaciones de salud del pa\u00eds.<\/p>\n<p>En relaci\u00f3n con este tema, el especialista principal de Inform\u00e1tica de la instituci\u00f3n, Adams Fern\u00e1ndez Barrera puntualiza: \u201cEl objetivo de esta plataforma es tener organizada de forma digital y accesible la documentaci\u00f3n docente para la ense\u00f1anza de las ciencias m\u00e9dicas en la provincia. Tomamos como referencia la Universidad Central Marta Abreu de Las Villas, que tiene un sitio para la educaci\u00f3n a distancia\u00bb.<\/p>\n<p>Otra de las plataformas digitales es el aula virtual, que se puede acceder a trav\u00e9s de la direcci\u00f3n aulauvs.ssp.sld.cu o el sitio docente.ssp.sld.cu.<\/p>\n<p>Estas plataformas permiten a los estudiantes interactuar con contenidos donde tienen ubicados gu\u00edas de estudios y otros materiales de consulta.<\/p>\n<p>Pese a la complejidad de los tiempos actuales, la comunidad universitaria se mantiene activa y organizada para asegurar la continuidad y la calidad del proceso docente educativo desde la semipresencialidad.<\/p>\n","protected":false},"excerpt":{"rendered":"<p>Ante la actual contingencia energ\u00e9tica, la Universidad de Ciencias M\u00e9dicas en Sancti Sp\u00edritus apuesta por herramientas digitales para mantener el proceso docente.<\/p>\n","protected":false},"author":194,"featured_media":64329,"comment_status":"open","ping_status":"open","sticky":false,"template":"","format":"standard","meta":{"_acf_changed":false,"footnotes":""},"categories":[8,14,9,1],"tags":[263,24,438],"coauthors":[2035],"class_list":["post-64328","post","type-post","status-publish","format-standard","has-post-thumbnail","hentry","category-noticia","category-educacion","category-en-audio","category-sancti-spiritus","tag-educacion-superior","tag-salud","tag-universidad-ciencias-medicas"],"acf":[],"_links":{"self":[{"href":"https:\/\/www.radiosanctispiritus.cu\/es\/wp-json\/wp\/v2\/posts\/64328","targetHints":{"allow":["GET"]}}],"collection":[{"href":"https:\/\/www.radiosanctispiritus.cu\/es\/wp-json\/wp\/v2\/posts"}],"about":[{"href":"https:\/\/www.radiosanctispiritus.cu\/es\/wp-json\/wp\/v2\/types\/post"}],"author":[{"embeddable":true,"href":"https:\/\/www.radiosanctispiritus.cu\/es\/wp-json\/wp\/v2\/users\/194"}],"replies":[{"embeddable":true,"href":"https:\/\/www.radiosanctispiritus.cu\/es\/wp-json\/wp\/v2\/comments?post=64328"}],"version-history":[{"count":1,"href":"https:\/\/www.radiosanctispiritus.cu\/es\/wp-json\/wp\/v2\/posts\/64328\/revisions"}],"predecessor-version":[{"id":64330,"href":"https:\/\/www.radiosanctispiritus.cu\/es\/wp-json\/wp\/v2\/posts\/64328\/revisions\/64330"}],"wp:featuredmedia":[{"embeddable":true,"href":"https:\/\/www.radiosanctispiritus.cu\/es\/wp-json\/wp\/v2\/media\/64329"}],"wp:attachment":[{"href":"https:\/\/www.radiosanctispiritus.cu\/es\/wp-json\/wp\/v2\/media?parent=64328"}],"wp:term":[{"taxonomy":"category","embeddable":true,"href":"https:\/\/www.radiosanctispiritus.cu\/es\/wp-json\/wp\/v2\/categories?post=64328"},{"taxonomy":"post_tag","embeddable":true,"href":"https:\/\/www.radiosanctispiritus.cu\/es\/wp-json\/wp\/v2\/tags?post=64328"},{"taxonomy":"author","embeddable":true,"href":"https:\/\/www.radiosanctispiritus.cu\/es\/wp-json\/wp\/v2\/coauthors?post=64328"}],"curies":[{"name":"wp","href":"https:\/\/api.w.org\/{rel}","templated":true}]}}