{"id":64325,"date":"2026-03-02T07:15:16","date_gmt":"2026-03-02T12:15:16","guid":{"rendered":"https:\/\/www.radiosanctispiritus.cu\/es\/?p=64325"},"modified":"2026-03-02T08:01:40","modified_gmt":"2026-03-02T13:01:40","slug":"vivienda-busca-alternativas-para-responder-a-programa-inversionista-en-medio-de-restricciones","status":"publish","type":"post","link":"https:\/\/www.radiosanctispiritus.cu\/es\/vivienda-busca-alternativas-para-responder-a-programa-inversionista-en-medio-de-restricciones\/","title":{"rendered":"Vivienda busca alternativas para responder a programa inversionista en medio de restricciones"},"content":{"rendered":"<p>La provincia de Sancti Sp\u00edritus implementa un novedoso programa constructivo que emplea contenedores mar\u00edtimos como base para levantar viviendas, una alternativa que gana terreno como soluci\u00f3n r\u00e1pida, resistente y sostenible ante la creciente demanda habitacional en el territorio.<\/p>\n<p>La iniciativa, liderada por la Oficina de la Vivienda, propone la utilizaci\u00f3n de dos contenedores por cada vivienda, lo que permitir\u00e1 construir m\u00e1s de un centenar de inmuebles en diversos municipios de la geograf\u00eda espirituana. Seg\u00fan trascendi\u00f3, todos los proyectos cuentan con las autorizaciones t\u00e9cnicas requeridas y se inscriben dentro del plan estatal de construcciones para el presente a\u00f1o.<\/p>\n<p>Con esta modalidad, el territorio busca optimizar los recursos disponibles y reducir significativamente los tiempos de ejecuci\u00f3n de las obras, en una apuesta por m\u00e9todos constructivos m\u00e1s \u00e1giles que respondan con mayor celeridad a las necesidades de la poblaci\u00f3n. La iniciativa representa adem\u00e1s una alternativa ecol\u00f3gica al reutilizar contenedores en desuso, transform\u00e1ndolos en espacios habitables confortables y funcionales.<\/p>\n<p>De esta manera, Sancti Sp\u00edritus se suma a las experiencias internacionales que han demostrado la viabilidad de esta tipolog\u00eda constructiva, adapt\u00e1ndola a su contexto y necesidades, en pos de garantizar el derecho a una vivienda digna para sus habitantes.<\/p>\n<p><iframe src=\"https:\/\/www.ivoox.com\/player_ej_169274494_6_1.html?c1=7a0d0b\" width=\"100%\" height=\"200\" frameborder=\"0\" allowfullscreen=\"\" scrolling=\"no\" loading=\"lazy\"><\/iframe><\/p>\n","protected":false},"excerpt":{"rendered":"<p>La provincia de Sancti Sp\u00edritus implementa un novedoso programa constructivo que emplea contenedores mar\u00edtimos como base para levantar viviendas, una alternativa que gana terreno como soluci\u00f3n r\u00e1pida, resistente y sostenible ante la creciente demanda habitacional en el territorio.<\/p>\n","protected":false},"author":18,"featured_media":59451,"comment_status":"open","ping_status":"open","sticky":false,"template":"","format":"standard","meta":{"_acf_changed":false,"footnotes":""},"categories":[8,9,1],"tags":[1780,138],"coauthors":[1874],"class_list":["post-64325","post","type-post","status-publish","format-standard","has-post-thumbnail","hentry","category-noticia","category-en-audio","category-sancti-spiritus","tag-sancti-spiritus","tag-vivienda"],"acf":[],"_links":{"self":[{"href":"https:\/\/www.radiosanctispiritus.cu\/es\/wp-json\/wp\/v2\/posts\/64325","targetHints":{"allow":["GET"]}}],"collection":[{"href":"https:\/\/www.radiosanctispiritus.cu\/es\/wp-json\/wp\/v2\/posts"}],"about":[{"href":"https:\/\/www.radiosanctispiritus.cu\/es\/wp-json\/wp\/v2\/types\/post"}],"author":[{"embeddable":true,"href":"https:\/\/www.radiosanctispiritus.cu\/es\/wp-json\/wp\/v2\/users\/18"}],"replies":[{"embeddable":true,"href":"https:\/\/www.radiosanctispiritus.cu\/es\/wp-json\/wp\/v2\/comments?post=64325"}],"version-history":[{"count":2,"href":"https:\/\/www.radiosanctispiritus.cu\/es\/wp-json\/wp\/v2\/posts\/64325\/revisions"}],"predecessor-version":[{"id":64327,"href":"https:\/\/www.radiosanctispiritus.cu\/es\/wp-json\/wp\/v2\/posts\/64325\/revisions\/64327"}],"wp:featuredmedia":[{"embeddable":true,"href":"https:\/\/www.radiosanctispiritus.cu\/es\/wp-json\/wp\/v2\/media\/59451"}],"wp:attachment":[{"href":"https:\/\/www.radiosanctispiritus.cu\/es\/wp-json\/wp\/v2\/media?parent=64325"}],"wp:term":[{"taxonomy":"category","embeddable":true,"href":"https:\/\/www.radiosanctispiritus.cu\/es\/wp-json\/wp\/v2\/categories?post=64325"},{"taxonomy":"post_tag","embeddable":true,"href":"https:\/\/www.radiosanctispiritus.cu\/es\/wp-json\/wp\/v2\/tags?post=64325"},{"taxonomy":"author","embeddable":true,"href":"https:\/\/www.radiosanctispiritus.cu\/es\/wp-json\/wp\/v2\/coauthors?post=64325"}],"curies":[{"name":"wp","href":"https:\/\/api.w.org\/{rel}","templated":true}]}}