{"id":64321,"date":"2026-03-02T07:21:03","date_gmt":"2026-03-02T12:21:03","guid":{"rendered":"https:\/\/www.radiosanctispiritus.cu\/es\/?p=64321"},"modified":"2026-03-02T08:00:00","modified_gmt":"2026-03-02T13:00:00","slug":"estrenaran-nuevo-espacio-musical-en-la-ciudad-del-yayabo","status":"publish","type":"post","link":"https:\/\/www.radiosanctispiritus.cu\/es\/estrenaran-nuevo-espacio-musical-en-la-ciudad-del-yayabo\/","title":{"rendered":"Estrenar\u00e1n nuevo espacio musical en la ciudad del Yayabo"},"content":{"rendered":"<p>La Biblioteca Provincial Rub\u00e9n Mart\u00ednez Villena de Sancti Sp\u00edritus acoger\u00e1 a partir del pr\u00f3ximo 4 de marzo un nuevo espacio musical titulado \u00abM\u00fasica del Alma\u00bb, que sesionar\u00e1 cada mes con el objetivo de interactuar con exponentes del pentagrama espirituano e invitados de otras provincias.<\/p>\n<p><iframe src=\"https:\/\/www.ivoox.com\/player_ej_169273239_6_1.html?c1=7a0d0b\" width=\"100%\" height=\"200\" frameborder=\"0\" allowfullscreen=\"\" scrolling=\"no\" loading=\"lazy\"><\/iframe><\/p>\n<p>As\u00ed lo anunci\u00f3 Leticia Ulacia, directora del Centro Provincial de la M\u00fasica, quien explic\u00f3 que la iniciativa tendr\u00e1 un perfil de m\u00fasica popular concertante, lo que permitir\u00e1 incluir diversas agrupaciones m\u00e1s all\u00e1 del g\u00e9nero de conciertos.<\/p>\n<p>Ulacia adelant\u00f3 que cada tres meses se contar\u00e1 con un invitado de otra provincia. Para la apertura, el espacio recibir\u00e1 a la pianista concertista Yanet P\u00e9rez Diago, proveniente de Ciego de \u00c1vila. La direcci\u00f3n art\u00edstica estar\u00e1 a cargo de Carlos Sotolongo, mientras que la locuci\u00f3n ser\u00e1 responsabilidad de Juan Carlos Castell\u00f3n V\u00e9liz.<\/p>\n<p>La directiva reconoci\u00f3 que el proyecto puede parecer ambicioso, pero defendi\u00f3 la necesidad de so\u00f1ar en grande: \u00abSi no so\u00f1amos en grande no se da. Y si los interesados est\u00e1n deseosos de hacerlo, yo pienso que tanta gente con deseos se pueda lograr\u00bb.<\/p>\n<p>Con \u00abM\u00fasica del Alma\u00bb, la ciudad del Yayabo estrena un espacio que promete enriquecer la vida cultural del territorio, combinando el talento local con la posibilidad de intercambios for\u00e1neos, y reafirmando el papel de la biblioteca como escenario vivo de las artes.<\/p>\n","protected":false},"excerpt":{"rendered":"<p>La Biblioteca Provincial Rub\u00e9n Mart\u00ednez Villena de Sancti Sp\u00edritus acoger\u00e1 a partir del pr\u00f3ximo 4 de marzo un nuevo espacio musical titulado \u00abM\u00fasica del Alma\u00bb, que sesionar\u00e1 cada mes con el objetivo de interactuar con exponentes del pentagrama espirituano e invitados de otras provincias.<\/p>\n","protected":false},"author":12,"featured_media":20168,"comment_status":"open","ping_status":"open","sticky":false,"template":"","format":"standard","meta":{"_acf_changed":false,"footnotes":""},"categories":[8,9,1],"tags":[360,1780],"coauthors":[1864],"class_list":["post-64321","post","type-post","status-publish","format-standard","has-post-thumbnail","hentry","category-noticia","category-en-audio","category-sancti-spiritus","tag-cultura-espirituana","tag-sancti-spiritus"],"acf":[],"_links":{"self":[{"href":"https:\/\/www.radiosanctispiritus.cu\/es\/wp-json\/wp\/v2\/posts\/64321","targetHints":{"allow":["GET"]}}],"collection":[{"href":"https:\/\/www.radiosanctispiritus.cu\/es\/wp-json\/wp\/v2\/posts"}],"about":[{"href":"https:\/\/www.radiosanctispiritus.cu\/es\/wp-json\/wp\/v2\/types\/post"}],"author":[{"embeddable":true,"href":"https:\/\/www.radiosanctispiritus.cu\/es\/wp-json\/wp\/v2\/users\/12"}],"replies":[{"embeddable":true,"href":"https:\/\/www.radiosanctispiritus.cu\/es\/wp-json\/wp\/v2\/comments?post=64321"}],"version-history":[{"count":3,"href":"https:\/\/www.radiosanctispiritus.cu\/es\/wp-json\/wp\/v2\/posts\/64321\/revisions"}],"predecessor-version":[{"id":64324,"href":"https:\/\/www.radiosanctispiritus.cu\/es\/wp-json\/wp\/v2\/posts\/64321\/revisions\/64324"}],"wp:featuredmedia":[{"embeddable":true,"href":"https:\/\/www.radiosanctispiritus.cu\/es\/wp-json\/wp\/v2\/media\/20168"}],"wp:attachment":[{"href":"https:\/\/www.radiosanctispiritus.cu\/es\/wp-json\/wp\/v2\/media?parent=64321"}],"wp:term":[{"taxonomy":"category","embeddable":true,"href":"https:\/\/www.radiosanctispiritus.cu\/es\/wp-json\/wp\/v2\/categories?post=64321"},{"taxonomy":"post_tag","embeddable":true,"href":"https:\/\/www.radiosanctispiritus.cu\/es\/wp-json\/wp\/v2\/tags?post=64321"},{"taxonomy":"author","embeddable":true,"href":"https:\/\/www.radiosanctispiritus.cu\/es\/wp-json\/wp\/v2\/coauthors?post=64321"}],"curies":[{"name":"wp","href":"https:\/\/api.w.org\/{rel}","templated":true}]}}