{"id":64312,"date":"2026-03-01T21:26:43","date_gmt":"2026-03-02T02:26:43","guid":{"rendered":"https:\/\/www.radiosanctispiritus.cu\/es\/?p=64312"},"modified":"2026-03-01T21:26:43","modified_gmt":"2026-03-02T02:26:43","slug":"rechazan-trato-discriminatorio-de-eeuu-a-equipo-cubano-de-beisbol-para-el-clasico","status":"publish","type":"post","link":"https:\/\/www.radiosanctispiritus.cu\/es\/rechazan-trato-discriminatorio-de-eeuu-a-equipo-cubano-de-beisbol-para-el-clasico\/","title":{"rendered":"Rechazan trato discriminatorio de EEUU a equipo cubano de b\u00e9isbol para el Cl\u00e1sico"},"content":{"rendered":"<p>El Instituto Nacional de Deportes, Educaci\u00f3n F\u00edsica y Recreaci\u00f3n (Inder) rechaz\u00f3 este domingo el trato discriminatorio de Estados Unidos contra la delegaci\u00f3n que representar\u00e1 a Cuba en el VI Cl\u00e1sico Mundial de B\u00e9isbol.<\/p>\n<p>\u201cConstituye el m\u00e1s reciente acto de agresi\u00f3n contra nuestro pueblo y su deporte nacional\u201d, enfatiza la nota, que publicamos a continuaci\u00f3n.<\/p>\n<h3>Trato discriminatorio de Estados Unidos contra el equipo cubano de b\u00e9isbol es parte de su agresi\u00f3n contra nuestro pa\u00eds<\/h3>\n<p>La negativa de visas por parte del gobierno de los Estados Unidos a ocho miembros de la delegaci\u00f3n de Cuba que asistir\u00edan al VI Cl\u00e1sico Mundial de B\u00e9isbol constituye el m\u00e1s reciente acto de agresi\u00f3n contra nuestro pueblo y su deporte nacional.<\/p>\n<p>La decisi\u00f3n pretende obstaculizar y da\u00f1ar, de manera intencional, la participaci\u00f3n y el desempe\u00f1o del equipo Cuba en tan reconocida competencia beisbolera.<\/p>\n<p>En su af\u00e1n de dificultar el desarrollo de la actividad deportiva en Cuba, no resultaron suficientes para los Estados Unidos las negativas de visas a deportistas y federativos cubanos para eventos en ese pa\u00eds desde enero de 2025.<\/p>\n<p>Toma ahora una decisi\u00f3n de marcado car\u00e1cter pol\u00edtico, al negar el derecho de la Federaci\u00f3n Cubana de B\u00e9isbol y Softbol de presentar un equipo en las mismas condiciones que el resto de las naciones participantes.<\/p>\n<p>A pesar de la buena voluntad y de los esfuerzos por parte de las Grandes Ligas de B\u00e9isbol y de los organizadores del Cl\u00e1sico para lograr que Cuba asista al evento, resulta evidente que desde el inicio del proceso el gobierno estadounidense ha tenido como prop\u00f3sito crear dificultades y poner trabas a nuestra selecci\u00f3n.<\/p>\n<p>De hecho, esta negativa de visado es una acci\u00f3n dirigida tambi\u00e9n a provocar una potencial decisi\u00f3n de nuestra Federaci\u00f3n de no asistir al evento bajo esas condiciones.<\/p>\n<p>La gesti\u00f3n de un equipo competitivo demanda, adem\u00e1s del aporte de atletas y entrenadores, el trabajo complementario de ejecutivos y otros especialistas que, en este caso, responden a \u00e1mbitos definidos por los propios organizadores.<\/p>\n<p>Mutilar por la v\u00eda de la negativa de visado, abusando del privilegio que otorga la condici\u00f3n de sede de este certamen, constituye un acto discriminatorio que expresa desprecio y coloca a Cuba en desventaja en cuanto al desempe\u00f1o de su equipo.<\/p>\n<p>La selecci\u00f3n nacional se ver\u00eda privada de figuras encargadas de tareas que tributan al rendimiento deportivo, incluido un entrenador de pitcheo, limitando as\u00ed las posibilidades que deben definirse sobre el terreno, en condiciones iguales, y no supeditadas a las decisiones pol\u00edticas de un gobierno.<\/p>\n<p>Durante casi setenta a\u00f1os de combate a la agresi\u00f3n de Estados Unidos, el deporte ha sido uno de los sectores m\u00e1s impactados por la pol\u00edtica de asedio contra Cuba, por lo que reiteramos nuestro rechazo m\u00e1s en\u00e9rgico frente a esta decisi\u00f3n.<\/p>\n<p>Las autoridades de los Estados Unidos conocen que el b\u00e9isbol es parte intr\u00ednseca de la historia y el orgullo del pueblo cubano; pero en cualquier circunstancia, el pueblo de Cuba y sus deportistas, seguir\u00e1n venciendo.<\/p>\n<p>Hace 60 a\u00f1os, el deporte cubano protagoniz\u00f3 la hist\u00f3rica epopeya del Cerro Pelado, cuando el mismo gobierno que hoy nos agrede quiso impedir que Cuba participara en los Juegos Centroamericanos y del Caribe de San Juan, Puerto Rico\u00a01966.<\/p>\n<p>Entonces, nuestros atletas entrenaron en el barco, bajo el sobrevuelo de aviones militares de Estados Unidos, pero llegamos a Puerto Rico y vencimos.<\/p>\n<p>Hoy volveremos a llegar a la isla boricua y a las otras sedes del VI Cl\u00e1sico Mundial, con nuestro Patrimonio Cultural, que es el b\u00e9isbol; y como hace seis d\u00e9cadas, con el mismo esp\u00edritu, la misma dignidad y firmeza de siempre.<\/p>\n<p><strong>La Habana, 1 de marzo de 2026<\/strong><\/p>\n<p><strong>Instituto Nacional de Deportes, Educaci\u00f3n F\u00edsica y Recreaci\u00f3n<\/strong><\/p>\n","protected":false},"excerpt":{"rendered":"<p>El Instituto Nacional de Deportes, Educaci\u00f3n F\u00edsica y Recreaci\u00f3n (Inder) rechaz\u00f3 este domingo el trato discriminatorio de Estados Unidos contra la delegaci\u00f3n que representar\u00e1 a Cuba en el VI Cl\u00e1sico Mundial de B\u00e9isbol.\u00a0\u00a0<\/p>\n","protected":false},"author":26,"featured_media":64313,"comment_status":"open","ping_status":"open","sticky":false,"template":"","format":"standard","meta":{"_acf_changed":false,"footnotes":""},"categories":[8,3,7],"tags":[726,577,104],"coauthors":[1887],"class_list":["post-64312","post","type-post","status-publish","format-standard","has-post-thumbnail","hentry","category-noticia","category-cuba","category-deporte","tag-beisbol-cubano","tag-clasico-mundial-de-beisbol","tag-inder"],"acf":[],"_links":{"self":[{"href":"https:\/\/www.radiosanctispiritus.cu\/es\/wp-json\/wp\/v2\/posts\/64312","targetHints":{"allow":["GET"]}}],"collection":[{"href":"https:\/\/www.radiosanctispiritus.cu\/es\/wp-json\/wp\/v2\/posts"}],"about":[{"href":"https:\/\/www.radiosanctispiritus.cu\/es\/wp-json\/wp\/v2\/types\/post"}],"author":[{"embeddable":true,"href":"https:\/\/www.radiosanctispiritus.cu\/es\/wp-json\/wp\/v2\/users\/26"}],"replies":[{"embeddable":true,"href":"https:\/\/www.radiosanctispiritus.cu\/es\/wp-json\/wp\/v2\/comments?post=64312"}],"version-history":[{"count":1,"href":"https:\/\/www.radiosanctispiritus.cu\/es\/wp-json\/wp\/v2\/posts\/64312\/revisions"}],"predecessor-version":[{"id":64314,"href":"https:\/\/www.radiosanctispiritus.cu\/es\/wp-json\/wp\/v2\/posts\/64312\/revisions\/64314"}],"wp:featuredmedia":[{"embeddable":true,"href":"https:\/\/www.radiosanctispiritus.cu\/es\/wp-json\/wp\/v2\/media\/64313"}],"wp:attachment":[{"href":"https:\/\/www.radiosanctispiritus.cu\/es\/wp-json\/wp\/v2\/media?parent=64312"}],"wp:term":[{"taxonomy":"category","embeddable":true,"href":"https:\/\/www.radiosanctispiritus.cu\/es\/wp-json\/wp\/v2\/categories?post=64312"},{"taxonomy":"post_tag","embeddable":true,"href":"https:\/\/www.radiosanctispiritus.cu\/es\/wp-json\/wp\/v2\/tags?post=64312"},{"taxonomy":"author","embeddable":true,"href":"https:\/\/www.radiosanctispiritus.cu\/es\/wp-json\/wp\/v2\/coauthors?post=64312"}],"curies":[{"name":"wp","href":"https:\/\/api.w.org\/{rel}","templated":true}]}}