{"id":64306,"date":"2026-02-28T22:57:32","date_gmt":"2026-03-01T03:57:32","guid":{"rendered":"https:\/\/www.radiosanctispiritus.cu\/es\/?p=64306"},"modified":"2026-02-28T22:57:32","modified_gmt":"2026-03-01T03:57:32","slug":"cuba-aboga-por-evitar-una-escalada-en-oriente-medio","status":"publish","type":"post","link":"https:\/\/www.radiosanctispiritus.cu\/es\/cuba-aboga-por-evitar-una-escalada-en-oriente-medio\/","title":{"rendered":"Cuba aboga por evitar una escalada en Oriente Medio"},"content":{"rendered":"<p>Cuba llama a detener la nueva agresi\u00f3n de Estados Unidos e Israel contra Ir\u00e1n y evitar una escalada en Oriente Medio.<\/p>\n<p>Cuba condena en los t\u00e9rminos m\u00e1s en\u00e9rgicos los ataques perpetrados este 28 de febrero por Estados Unidos e Israel, que quebrantan la soberan\u00eda e integridad territorial de la Rep\u00fablica Isl\u00e1mica de Ir\u00e1n, en flagrante violaci\u00f3n de la Carta de las Naciones Unidas y el Derecho Internacional.<\/p>\n<p>Esta irresponsable y deliberada agresi\u00f3n boicotea, por segunda ocasi\u00f3n, los esfuerzos de la diplomacia internacional con relaci\u00f3n a la cuesti\u00f3n nuclear, sobre la cual se ven\u00eda negociando. Una vez m\u00e1s, Estados Unidos e Israel amenazan y ponen en grave peligro la paz, la estabilidad y la seguridad regional e internacional, cuyos efectos ya se registran en la regi\u00f3n del Oriente Medio.<\/p>\n<p>Cuba se suma a los llamados internacionales para detener esta agresi\u00f3n de inmediato, que ha causado un n\u00famero indeterminado de v\u00edctimas civiles, incluido ni\u00f1os, y evitar una escalada promovida por conocidos intereses hegem\u00f3nicos y declaradas intenciones de dominaci\u00f3n mediante el uso de la fuerza militar que arrastre a otros pa\u00edses en la regi\u00f3n, con impredecibles consecuencias. Asimismo, Cuba aboga por preservar el principio de buena vecindad entre Ir\u00e1n y los Estados \u00c1rabes en este delicado momento.<\/p>\n<p>Debe prevalecer el respeto estricto a los principios del Derecho Internacional y la Carta de la ONU, en especial, la igualdad soberana de los Estados, la no injerencia en sus asuntos internos, la prohibici\u00f3n de recurrir a la amenaza o al uso de la fuerza contra la integridad territorial o la independencia pol\u00edtica de cualquier Estado, y la soluci\u00f3n pac\u00edfica de las controversias.<\/p>\n<p>Urge que el Consejo de Seguridad de las Naciones Unidas ejerza su responsabilidad primordial de mantener la paz y la seguridad internacionales; y que la Asamblea General de la ONU movilice a la comunidad internacional para restaurar la paz, con la urgencia y la determinaci\u00f3n que exige el momento.<\/p>\n<p>La Habana, 28 de febrero de 2026<\/p>\n<p>(Tomado de Minrex)<\/p>\n","protected":false},"excerpt":{"rendered":"<p>Cuba llama a detener la nueva agresi\u00f3n de Estados Unidos e Israel contra Ir\u00e1n y evitar una escalada en Oriente Medio.<\/p>\n","protected":false},"author":26,"featured_media":64284,"comment_status":"open","ping_status":"open","sticky":false,"template":"","format":"standard","meta":{"_acf_changed":false,"footnotes":""},"categories":[8,3,4],"tags":[1041,575,1962,1152,1013],"coauthors":[1887],"class_list":["post-64306","post","type-post","status-publish","format-standard","has-post-thumbnail","hentry","category-noticia","category-cuba","category-internacionales","tag-cuba-medio-oriente","tag-cuba-minrex","tag-ee-uu","tag-iran","tag-israel"],"acf":[],"_links":{"self":[{"href":"https:\/\/www.radiosanctispiritus.cu\/es\/wp-json\/wp\/v2\/posts\/64306","targetHints":{"allow":["GET"]}}],"collection":[{"href":"https:\/\/www.radiosanctispiritus.cu\/es\/wp-json\/wp\/v2\/posts"}],"about":[{"href":"https:\/\/www.radiosanctispiritus.cu\/es\/wp-json\/wp\/v2\/types\/post"}],"author":[{"embeddable":true,"href":"https:\/\/www.radiosanctispiritus.cu\/es\/wp-json\/wp\/v2\/users\/26"}],"replies":[{"embeddable":true,"href":"https:\/\/www.radiosanctispiritus.cu\/es\/wp-json\/wp\/v2\/comments?post=64306"}],"version-history":[{"count":2,"href":"https:\/\/www.radiosanctispiritus.cu\/es\/wp-json\/wp\/v2\/posts\/64306\/revisions"}],"predecessor-version":[{"id":64308,"href":"https:\/\/www.radiosanctispiritus.cu\/es\/wp-json\/wp\/v2\/posts\/64306\/revisions\/64308"}],"wp:featuredmedia":[{"embeddable":true,"href":"https:\/\/www.radiosanctispiritus.cu\/es\/wp-json\/wp\/v2\/media\/64284"}],"wp:attachment":[{"href":"https:\/\/www.radiosanctispiritus.cu\/es\/wp-json\/wp\/v2\/media?parent=64306"}],"wp:term":[{"taxonomy":"category","embeddable":true,"href":"https:\/\/www.radiosanctispiritus.cu\/es\/wp-json\/wp\/v2\/categories?post=64306"},{"taxonomy":"post_tag","embeddable":true,"href":"https:\/\/www.radiosanctispiritus.cu\/es\/wp-json\/wp\/v2\/tags?post=64306"},{"taxonomy":"author","embeddable":true,"href":"https:\/\/www.radiosanctispiritus.cu\/es\/wp-json\/wp\/v2\/coauthors?post=64306"}],"curies":[{"name":"wp","href":"https:\/\/api.w.org\/{rel}","templated":true}]}}