{"id":64299,"date":"2026-03-01T05:10:55","date_gmt":"2026-03-01T10:10:55","guid":{"rendered":"https:\/\/www.radiosanctispiritus.cu\/es\/?p=64299"},"modified":"2026-02-28T16:26:41","modified_gmt":"2026-02-28T21:26:41","slug":"reanudan-servicio-ferroviario-a-comunidades-de-fomento","status":"publish","type":"post","link":"https:\/\/www.radiosanctispiritus.cu\/es\/reanudan-servicio-ferroviario-a-comunidades-de-fomento\/","title":{"rendered":"Reanudan servicio ferroviario a comunidades de Fomento"},"content":{"rendered":"<p>En Fomento se reordena el servicio de transporte ferroviario a partir de este s\u00e1bado 28 de febrero, luego de varios meses en los que el coche motor y los puentes del ramal Fomento-Sopimpa estuvieran en reparaci\u00f3n mec\u00e1nica y constructiva. Seg\u00fan nos informa Yasmani J\u00e1urega Cruz, viceintendente municipal de Fomento, como parte de las medidas de enfrentamiento al bloqueo econ\u00f3mico y al d\u00e9ficit de combustible, el itinerario de circulaci\u00f3n del coche motor se realizar\u00e1 los d\u00edas lunes, jueves y s\u00e1bado con los viajes de apertura y cierre de la ruta.<\/p>\n<p><iframe src=\"https:\/\/www.ivoox.com\/player_ej_169273354_6_1.html?c1=7a0d0b\" width=\"100%\" height=\"200\" frameborder=\"0\" allowfullscreen=\"\" scrolling=\"no\" loading=\"lazy\"><\/iframe><\/p>\n<p>A las 6:00 a.m. tiene prevista la salida desde Fomento hasta Sopimpa y el regreso hacia Agabama a las 7:30 a.m. El cierre a las 4:00 p.m. de Fomento a Sopimpa y a las 5:00 p.m. para Agabama.<\/p>\n<p>Para el reordenamiento de la transportaci\u00f3n de pasajeros v\u00eda ferrocarril, se tuvieron en cuenta las necesidades de los usuarios de este medio para asistir a la prestaci\u00f3n de servicios b\u00e1sicos fundamentales, como los jueves a las consultas de las especialidades m\u00e9dicas, la disponibilidad del combustible para serviciar al coche motor y la reparaci\u00f3n de los puentes en mal estado que exist\u00edan en el ramal.<\/p>\n","protected":false},"excerpt":{"rendered":"<p>En Fomento se reordena el servicio de transporte ferroviario a partir de este s\u00e1bado 28 de febrero, luego de varios meses en los que el coche motor y los puentes del ramal Fomento-Sopimpa estuvieran en reparaci\u00f3n mec\u00e1nica y constructiva<\/p>\n","protected":false},"author":185,"featured_media":53249,"comment_status":"open","ping_status":"open","sticky":false,"template":"","format":"standard","meta":{"_acf_changed":false,"footnotes":""},"categories":[8,9,1],"tags":[630,1949],"coauthors":[1911],"class_list":["post-64299","post","type-post","status-publish","format-standard","has-post-thumbnail","hentry","category-noticia","category-en-audio","category-sancti-spiritus","tag-fomento","tag-transporte-ferroviario"],"acf":[],"_links":{"self":[{"href":"https:\/\/www.radiosanctispiritus.cu\/es\/wp-json\/wp\/v2\/posts\/64299","targetHints":{"allow":["GET"]}}],"collection":[{"href":"https:\/\/www.radiosanctispiritus.cu\/es\/wp-json\/wp\/v2\/posts"}],"about":[{"href":"https:\/\/www.radiosanctispiritus.cu\/es\/wp-json\/wp\/v2\/types\/post"}],"author":[{"embeddable":true,"href":"https:\/\/www.radiosanctispiritus.cu\/es\/wp-json\/wp\/v2\/users\/185"}],"replies":[{"embeddable":true,"href":"https:\/\/www.radiosanctispiritus.cu\/es\/wp-json\/wp\/v2\/comments?post=64299"}],"version-history":[{"count":1,"href":"https:\/\/www.radiosanctispiritus.cu\/es\/wp-json\/wp\/v2\/posts\/64299\/revisions"}],"predecessor-version":[{"id":64300,"href":"https:\/\/www.radiosanctispiritus.cu\/es\/wp-json\/wp\/v2\/posts\/64299\/revisions\/64300"}],"wp:featuredmedia":[{"embeddable":true,"href":"https:\/\/www.radiosanctispiritus.cu\/es\/wp-json\/wp\/v2\/media\/53249"}],"wp:attachment":[{"href":"https:\/\/www.radiosanctispiritus.cu\/es\/wp-json\/wp\/v2\/media?parent=64299"}],"wp:term":[{"taxonomy":"category","embeddable":true,"href":"https:\/\/www.radiosanctispiritus.cu\/es\/wp-json\/wp\/v2\/categories?post=64299"},{"taxonomy":"post_tag","embeddable":true,"href":"https:\/\/www.radiosanctispiritus.cu\/es\/wp-json\/wp\/v2\/tags?post=64299"},{"taxonomy":"author","embeddable":true,"href":"https:\/\/www.radiosanctispiritus.cu\/es\/wp-json\/wp\/v2\/coauthors?post=64299"}],"curies":[{"name":"wp","href":"https:\/\/api.w.org\/{rel}","templated":true}]}}