{"id":64280,"date":"2026-02-28T08:33:58","date_gmt":"2026-02-28T13:33:58","guid":{"rendered":"https:\/\/www.radiosanctispiritus.cu\/es\/?p=64280"},"modified":"2026-02-28T08:33:58","modified_gmt":"2026-02-28T13:33:58","slug":"avanza-en-sancti-spiritus-la-vacunacion-escolar","status":"publish","type":"post","link":"https:\/\/www.radiosanctispiritus.cu\/es\/avanza-en-sancti-spiritus-la-vacunacion-escolar\/","title":{"rendered":"Avanza en Sancti Sp\u00edritus la vacunaci\u00f3n escolar"},"content":{"rendered":"<p>M\u00e1s de 6 600 estudiantes del municipio de Sancti Sp\u00edritus est\u00e1n incluidos en la campa\u00f1a de vacunaci\u00f3n escolar correspondiente al curso 2025-2026, que hasta la fecha ha logrado inmunizar a m\u00e1s de 6 500 ni\u00f1os, lo que representa un 98 % de cobertura, seg\u00fan informaron las autoridades sanitarias del territorio.<\/p>\n<p>La vacunaci\u00f3n escolar, parte del Programa Nacional de Inmunizaci\u00f3n, tiene como objetivo garantizar la salud de los ni\u00f1os en diferentes etapas del proceso docente educativo y se extiende con car\u00e1cter anual a todos los centros educacionales del pa\u00eds.<\/p>\n<p><iframe src=\"https:\/\/www.ivoox.com\/player_ej_169244233_6_1.html?c1=7a0d0b\" width=\"100%\" height=\"200\" frameborder=\"0\" allowfullscreen=\"\" scrolling=\"no\" loading=\"lazy\"><\/iframe><\/p>\n<p>La jefa del Programa Provincial de Inmunizaci\u00f3n en Sancti Sp\u00edritus explic\u00f3 que la campa\u00f1a est\u00e1 dirigida a estudiantes de diferentes grados. A los ni\u00f1os de primer grado se les reactiva la vacuna que protege contra la parotiditis, la rub\u00e9ola y el sarampi\u00f3n, as\u00ed como la difteria y el t\u00e9tanos. En quinto, octavo y onceno grado se administra la vacuna contra la fiebre tifoidea, mientras que en noveno grado se reactiva nuevamente el toxoide tet\u00e1nico.<\/p>\n<p>Como novedad, a partir del 2025 se introduce en el esquema escolar la vacuna contra el virus del papiloma humano, dirigida a ni\u00f1as de cuarto grado.<\/p>\n<p>El proceso de vacunaci\u00f3n se desarrolla seg\u00fan el cronograma establecido en las escuelas del territorio, tanto en \u00e1reas urbanas como rurales, donde se trasladan el m\u00e9dico y la enfermera de la familia. Tambi\u00e9n se habilitan vacunatorios en policl\u00ednicos y otros puntos perif\u00e9ricos definidos por cada \u00e1rea de salud.<\/p>\n<p>Las autoridades sanitarias reiteraron a padres y familiares la importancia de cumplir con esta vacunaci\u00f3n para la protecci\u00f3n de los ni\u00f1os contra enfermedades prevenibles.<\/p>\n<p>Inmunizar a ni\u00f1os y adolescentes constituye uno de los mayores gestos de amor y respeto hacia los seres humanos, una estrategia cubana que forma parte del Programa Nacional de Inmunizaci\u00f3n, el cual promedia anualmente m\u00e1s de 4 millones de dosis aplicadas con 13 tipos de vacunas, simples o combinadas, dirigidas a la protecci\u00f3n de igual n\u00famero de enfermedades.<\/p>\n","protected":false},"excerpt":{"rendered":"<p>M\u00e1s de 6 600 estudiantes del municipio de Sancti Sp\u00edritus est\u00e1n incluidos en la campa\u00f1a de vacunaci\u00f3n escolar correspondiente al curso 2025-2026, que hasta la fecha ha logrado inmunizar a m\u00e1s de 6 500 ni\u00f1os, lo que representa un 98 % de cobertura, seg\u00fan informaron las autoridades sanitarias del territorio.<\/p>\n","protected":false},"author":151,"featured_media":60181,"comment_status":"open","ping_status":"open","sticky":false,"template":"","format":"standard","meta":{"_acf_changed":false,"footnotes":""},"categories":[8,9,1],"tags":[122,24,385,1780,25],"coauthors":[1941],"class_list":["post-64280","post","type-post","status-publish","format-standard","has-post-thumbnail","hentry","category-noticia","category-en-audio","category-sancti-spiritus","tag-curso-escolar","tag-salud","tag-salud-publica","tag-sancti-spiritus","tag-vacunacion"],"acf":[],"_links":{"self":[{"href":"https:\/\/www.radiosanctispiritus.cu\/es\/wp-json\/wp\/v2\/posts\/64280","targetHints":{"allow":["GET"]}}],"collection":[{"href":"https:\/\/www.radiosanctispiritus.cu\/es\/wp-json\/wp\/v2\/posts"}],"about":[{"href":"https:\/\/www.radiosanctispiritus.cu\/es\/wp-json\/wp\/v2\/types\/post"}],"author":[{"embeddable":true,"href":"https:\/\/www.radiosanctispiritus.cu\/es\/wp-json\/wp\/v2\/users\/151"}],"replies":[{"embeddable":true,"href":"https:\/\/www.radiosanctispiritus.cu\/es\/wp-json\/wp\/v2\/comments?post=64280"}],"version-history":[{"count":2,"href":"https:\/\/www.radiosanctispiritus.cu\/es\/wp-json\/wp\/v2\/posts\/64280\/revisions"}],"predecessor-version":[{"id":64282,"href":"https:\/\/www.radiosanctispiritus.cu\/es\/wp-json\/wp\/v2\/posts\/64280\/revisions\/64282"}],"wp:featuredmedia":[{"embeddable":true,"href":"https:\/\/www.radiosanctispiritus.cu\/es\/wp-json\/wp\/v2\/media\/60181"}],"wp:attachment":[{"href":"https:\/\/www.radiosanctispiritus.cu\/es\/wp-json\/wp\/v2\/media?parent=64280"}],"wp:term":[{"taxonomy":"category","embeddable":true,"href":"https:\/\/www.radiosanctispiritus.cu\/es\/wp-json\/wp\/v2\/categories?post=64280"},{"taxonomy":"post_tag","embeddable":true,"href":"https:\/\/www.radiosanctispiritus.cu\/es\/wp-json\/wp\/v2\/tags?post=64280"},{"taxonomy":"author","embeddable":true,"href":"https:\/\/www.radiosanctispiritus.cu\/es\/wp-json\/wp\/v2\/coauthors?post=64280"}],"curies":[{"name":"wp","href":"https:\/\/api.w.org\/{rel}","templated":true}]}}