{"id":64273,"date":"2026-02-28T00:01:49","date_gmt":"2026-02-28T05:01:49","guid":{"rendered":"https:\/\/www.radiosanctispiritus.cu\/es\/?p=64273"},"modified":"2026-02-28T08:25:02","modified_gmt":"2026-02-28T13:25:02","slug":"villa-espirituana-alista-programa-de-celebracion-de-su-aniversario-512","status":"publish","type":"post","link":"https:\/\/www.radiosanctispiritus.cu\/es\/villa-espirituana-alista-programa-de-celebracion-de-su-aniversario-512\/","title":{"rendered":"Villa espirituana alista programa de celebraci\u00f3n de su aniversario 512"},"content":{"rendered":"<p>A pesar de la compleja situaci\u00f3n econ\u00f3mica que enfrenta el pa\u00eds, la Direcci\u00f3n Municipal de Cultura en Sancti Sp\u00edritus prepara ya un programa de actividades para conmemorar el aniversario 512 de la Cuarta Villa de Cuba, con un dise\u00f1o discreto pero significativo que no dejar\u00e1 pasar por alto la efem\u00e9ride.<\/p>\n<p>As\u00ed lo inform\u00f3 Luis \u00c1ngel Cruz, especialista en comunicaci\u00f3n de la instituci\u00f3n, quien explic\u00f3 que la celebraci\u00f3n no tendr\u00e1 la connotaci\u00f3n de un aniversario cerrado con una gran gala, pero s\u00ed incluir\u00e1 diversas acciones culturales. \u00abNo se van a dejar de desarrollar\u00bb, asegur\u00f3.<\/p>\n<p><iframe src=\"https:\/\/www.ivoox.com\/player_ej_169242912_6_1.html?c1=7a0d0b\" width=\"100%\" height=\"200\" frameborder=\"0\" allowfullscreen=\"\" scrolling=\"no\" loading=\"lazy\"><\/iframe><\/p>\n<p>El arte producido en el propio territorio y el trabajo conjunto de todas las instituciones culturales ser\u00e1n los pilares de la jornada conmemorativa. Cruz destac\u00f3 que la Casa de la Trova permanecer\u00e1 abierta en horario de la ma\u00f1ana, independientemente del servicio el\u00e9ctrico, con las actividades tradicionales.<\/p>\n<p>Entre los eventos principales mencion\u00f3 el coloquio y el Sal\u00f3n de la Ciudad, que tendr\u00e1n continuidad con la participaci\u00f3n de obras que cada a\u00f1o incrementan en cantidad y calidad. Los premios de la ciudad, con la misma connotaci\u00f3n que en a\u00f1os anteriores, ser\u00e1n entregados en espacios espec\u00edficos por cada manifestaci\u00f3n art\u00edstica: literatura, artes pl\u00e1sticas y teatro, este \u00faltimo con celebraciones adicionales vinculadas al t\u00edtere nacional, todo en funci\u00f3n del aniversario de la villa.<\/p>\n<p>\u00abYa se preparan varios escenarios para esta celebraci\u00f3n\u00bb, afirm\u00f3 el especialista, quien subray\u00f3 la participaci\u00f3n de la Oficina del Conservador, los centros provinciales, la m\u00fasica y el patrimonio, \u00abtodos vinculados en un solo objetivo: no dejar pasar por alto esta fecha\u00bb.<\/p>\n","protected":false},"excerpt":{"rendered":"<p>Se alista la Cuarta Villa de Cuba para celebrar con los pies en el actual contexto su cumplea\u00f1os 512<\/p>\n","protected":false},"author":12,"featured_media":62107,"comment_status":"open","ping_status":"open","sticky":false,"template":"","format":"standard","meta":{"_acf_changed":false,"footnotes":""},"categories":[8,6,9,1],"tags":[360,1780],"coauthors":[1864],"class_list":["post-64273","post","type-post","status-publish","format-standard","has-post-thumbnail","hentry","category-noticia","category-cultura","category-en-audio","category-sancti-spiritus","tag-cultura-espirituana","tag-sancti-spiritus"],"acf":[],"_links":{"self":[{"href":"https:\/\/www.radiosanctispiritus.cu\/es\/wp-json\/wp\/v2\/posts\/64273","targetHints":{"allow":["GET"]}}],"collection":[{"href":"https:\/\/www.radiosanctispiritus.cu\/es\/wp-json\/wp\/v2\/posts"}],"about":[{"href":"https:\/\/www.radiosanctispiritus.cu\/es\/wp-json\/wp\/v2\/types\/post"}],"author":[{"embeddable":true,"href":"https:\/\/www.radiosanctispiritus.cu\/es\/wp-json\/wp\/v2\/users\/12"}],"replies":[{"embeddable":true,"href":"https:\/\/www.radiosanctispiritus.cu\/es\/wp-json\/wp\/v2\/comments?post=64273"}],"version-history":[{"count":2,"href":"https:\/\/www.radiosanctispiritus.cu\/es\/wp-json\/wp\/v2\/posts\/64273\/revisions"}],"predecessor-version":[{"id":64275,"href":"https:\/\/www.radiosanctispiritus.cu\/es\/wp-json\/wp\/v2\/posts\/64273\/revisions\/64275"}],"wp:featuredmedia":[{"embeddable":true,"href":"https:\/\/www.radiosanctispiritus.cu\/es\/wp-json\/wp\/v2\/media\/62107"}],"wp:attachment":[{"href":"https:\/\/www.radiosanctispiritus.cu\/es\/wp-json\/wp\/v2\/media?parent=64273"}],"wp:term":[{"taxonomy":"category","embeddable":true,"href":"https:\/\/www.radiosanctispiritus.cu\/es\/wp-json\/wp\/v2\/categories?post=64273"},{"taxonomy":"post_tag","embeddable":true,"href":"https:\/\/www.radiosanctispiritus.cu\/es\/wp-json\/wp\/v2\/tags?post=64273"},{"taxonomy":"author","embeddable":true,"href":"https:\/\/www.radiosanctispiritus.cu\/es\/wp-json\/wp\/v2\/coauthors?post=64273"}],"curies":[{"name":"wp","href":"https:\/\/api.w.org\/{rel}","templated":true}]}}