{"id":64192,"date":"2026-02-26T22:34:09","date_gmt":"2026-02-27T03:34:09","guid":{"rendered":"https:\/\/www.radiosanctispiritus.cu\/es\/?p=64192"},"modified":"2026-02-26T22:34:09","modified_gmt":"2026-02-27T03:34:09","slug":"cien-anos-de-entrega-el-ejemplo-vivo-de-juan-ignacio","status":"publish","type":"post","link":"https:\/\/www.radiosanctispiritus.cu\/es\/cien-anos-de-entrega-el-ejemplo-vivo-de-juan-ignacio\/","title":{"rendered":"Cien a\u00f1os de entrega, el ejemplo vivo de Juan Ignacio"},"content":{"rendered":"<p dir=\"ltr\">Juan Ignacio P\u00e9rez Garc\u00eda celebr\u00f3 cien a\u00f1os de vida en su hogar de Lepanto 57 A, en la ciudad de Sancti Sp\u00edritus.<\/p>\n<p dir=\"ltr\">Miembros de la Asociaci\u00f3n de Combatientes de la Revoluci\u00f3n Cubana en Sancti Sp\u00edritus, lo visitaron para rendirle homenaje y reconocer su destacada participaci\u00f3n en la lucha clandestina, etapa que marc\u00f3 parte de la historia local y nacional.<\/p>\n<p dir=\"ltr\">Durante el encuentro, familiares, vecinos y compa\u00f1eros de la Asociaci\u00f3n compartieron un ambiente de respeto y admiraci\u00f3n.<\/p>\n<p dir=\"ltr\"><img decoding=\"async\" class=\"size-medium wp-image-64194 aligncenter\" src=\"https:\/\/www.radiosanctispiritus.cu\/es\/wp-content\/uploads\/Juan-Ignacio-1-600x342.jpg\" alt=\"\" width=\"600\" height=\"342\" srcset=\"https:\/\/www.radiosanctispiritus.cu\/es\/wp-content\/uploads\/Juan-Ignacio-1-600x342.jpg 600w, https:\/\/www.radiosanctispiritus.cu\/es\/wp-content\/uploads\/Juan-Ignacio-1-1024x583.jpg 1024w, https:\/\/www.radiosanctispiritus.cu\/es\/wp-content\/uploads\/Juan-Ignacio-1-768x437.jpg 768w, https:\/\/www.radiosanctispiritus.cu\/es\/wp-content\/uploads\/Juan-Ignacio-1-305x175.jpg 305w, https:\/\/www.radiosanctispiritus.cu\/es\/wp-content\/uploads\/Juan-Ignacio-1.jpg 1080w\" sizes=\"(max-width: 600px) 100vw, 600px\" \/><\/p>\n<p dir=\"ltr\">A pesar del paso del tiempo, Juan Ignacio mantiene una lucidez admirable y un profundo orgullo por los ideales que defendi\u00f3 en su juventud.<\/p>\n<p dir=\"ltr\">Con voz serena, record\u00f3 sus d\u00edas, cuando auxiliaba a los combatientes que part\u00edan hacia las monta\u00f1as.<\/p>\n<p dir=\"ltr\">Relat\u00f3 que su labor como chofer fue decisiva para trasladar a quienes se sumaban a la lucha, mientras cuidaba de su familia y de la discreci\u00f3n que exig\u00eda la \u00e9poca.<\/p>\n<p dir=\"ltr\">El homenaje a Juan Ignacio P\u00e9rez Garc\u00eda, simboliz\u00f3 el reconocimiento a su entrega revolucionaria y a una vida plena de deber cumplido.<\/p>\n<p dir=\"ltr\">Entre alegr\u00edas y emociones compartidas, Sancti Sp\u00edritus honr\u00f3 a un hombre cuya historia sigue inspirando a nuevas generaciones.<\/p>\n<p><iframe src=\"https:\/\/www.ivoox.com\/player_ej_169196240_6_1.html?c1=7a0d0b\" width=\"100%\" height=\"200\" frameborder=\"0\" scrolling=\"no\" allowfullscreen=\"allowfullscreen\"><\/iframe><\/p>\n","protected":false},"excerpt":{"rendered":"<p>El homenaje a Juan Ignacio P\u00e9rez Garc\u00eda, simboliz\u00f3 el reconocimiento a su entrega revolucionaria y a una vida plena de deber cumplido.\u00a0<\/p>\n","protected":false},"author":18,"featured_media":64193,"comment_status":"open","ping_status":"open","sticky":false,"template":"","format":"standard","meta":{"_acf_changed":false,"footnotes":""},"categories":[8,9,1],"tags":[1312,328],"coauthors":[1874],"class_list":["post-64192","post","type-post","status-publish","format-standard","has-post-thumbnail","hentry","category-noticia","category-en-audio","category-sancti-spiritus","tag-asociacion-de-combatientes-de-la-revolucion-cubana","tag-combatientes"],"acf":[],"_links":{"self":[{"href":"https:\/\/www.radiosanctispiritus.cu\/es\/wp-json\/wp\/v2\/posts\/64192","targetHints":{"allow":["GET"]}}],"collection":[{"href":"https:\/\/www.radiosanctispiritus.cu\/es\/wp-json\/wp\/v2\/posts"}],"about":[{"href":"https:\/\/www.radiosanctispiritus.cu\/es\/wp-json\/wp\/v2\/types\/post"}],"author":[{"embeddable":true,"href":"https:\/\/www.radiosanctispiritus.cu\/es\/wp-json\/wp\/v2\/users\/18"}],"replies":[{"embeddable":true,"href":"https:\/\/www.radiosanctispiritus.cu\/es\/wp-json\/wp\/v2\/comments?post=64192"}],"version-history":[{"count":2,"href":"https:\/\/www.radiosanctispiritus.cu\/es\/wp-json\/wp\/v2\/posts\/64192\/revisions"}],"predecessor-version":[{"id":64196,"href":"https:\/\/www.radiosanctispiritus.cu\/es\/wp-json\/wp\/v2\/posts\/64192\/revisions\/64196"}],"wp:featuredmedia":[{"embeddable":true,"href":"https:\/\/www.radiosanctispiritus.cu\/es\/wp-json\/wp\/v2\/media\/64193"}],"wp:attachment":[{"href":"https:\/\/www.radiosanctispiritus.cu\/es\/wp-json\/wp\/v2\/media?parent=64192"}],"wp:term":[{"taxonomy":"category","embeddable":true,"href":"https:\/\/www.radiosanctispiritus.cu\/es\/wp-json\/wp\/v2\/categories?post=64192"},{"taxonomy":"post_tag","embeddable":true,"href":"https:\/\/www.radiosanctispiritus.cu\/es\/wp-json\/wp\/v2\/tags?post=64192"},{"taxonomy":"author","embeddable":true,"href":"https:\/\/www.radiosanctispiritus.cu\/es\/wp-json\/wp\/v2\/coauthors?post=64192"}],"curies":[{"name":"wp","href":"https:\/\/api.w.org\/{rel}","templated":true}]}}