{"id":64169,"date":"2026-02-26T14:46:12","date_gmt":"2026-02-26T19:46:12","guid":{"rendered":"https:\/\/www.radiosanctispiritus.cu\/es\/?p=64169"},"modified":"2026-02-26T14:46:12","modified_gmt":"2026-02-26T19:46:12","slug":"estudiantes-de-secundaria-retornan-a-escuela-primaria-en-perea","status":"publish","type":"post","link":"https:\/\/www.radiosanctispiritus.cu\/es\/estudiantes-de-secundaria-retornan-a-escuela-primaria-en-perea\/","title":{"rendered":"Estudiantes de secundaria retornan a escuela primaria en Perea"},"content":{"rendered":"<p>Unos 55 alumnos de secundaria b\u00e1sica procedentes del Centro Mixto M\u00e1rtires de Granada de Venegas se suman a la Escuela Primaria Rafael Trejo Gonz\u00e1lez de Perea, como parte del reajuste efectuado por la Direcci\u00f3n General de Educaci\u00f3n ante las m\u00e1s recientes medidas de recrudecimiento del bloqueo anunciadas por el gobierno estadounidense.<\/p>\n<p><iframe src=\"https:\/\/www.ivoox.com\/player_ej_169140738_6_1.html?c1=7a0d0b\" width=\"100%\" height=\"200\" frameborder=\"0\" scrolling=\"no\" allowfullscreen=\"allowfullscreen\"><\/iframe><\/p>\n","protected":false},"excerpt":{"rendered":"<p>Unos 55 alumnos de secundaria b\u00e1sica procedentes del Centro Mixto M\u00e1rtires de Granada de Venegas se suman a la Escuela Primaria Rafael Trejo Gonz\u00e1lez de Perea. <\/p>\n","protected":false},"author":161,"featured_media":64170,"comment_status":"open","ping_status":"open","sticky":false,"template":"","format":"standard","meta":{"_acf_changed":false,"footnotes":""},"categories":[8,14,9],"tags":[],"coauthors":[1888],"class_list":["post-64169","post","type-post","status-publish","format-standard","has-post-thumbnail","hentry","category-noticia","category-educacion","category-en-audio"],"acf":[],"_links":{"self":[{"href":"https:\/\/www.radiosanctispiritus.cu\/es\/wp-json\/wp\/v2\/posts\/64169","targetHints":{"allow":["GET"]}}],"collection":[{"href":"https:\/\/www.radiosanctispiritus.cu\/es\/wp-json\/wp\/v2\/posts"}],"about":[{"href":"https:\/\/www.radiosanctispiritus.cu\/es\/wp-json\/wp\/v2\/types\/post"}],"author":[{"embeddable":true,"href":"https:\/\/www.radiosanctispiritus.cu\/es\/wp-json\/wp\/v2\/users\/161"}],"replies":[{"embeddable":true,"href":"https:\/\/www.radiosanctispiritus.cu\/es\/wp-json\/wp\/v2\/comments?post=64169"}],"version-history":[{"count":1,"href":"https:\/\/www.radiosanctispiritus.cu\/es\/wp-json\/wp\/v2\/posts\/64169\/revisions"}],"predecessor-version":[{"id":64171,"href":"https:\/\/www.radiosanctispiritus.cu\/es\/wp-json\/wp\/v2\/posts\/64169\/revisions\/64171"}],"wp:featuredmedia":[{"embeddable":true,"href":"https:\/\/www.radiosanctispiritus.cu\/es\/wp-json\/wp\/v2\/media\/64170"}],"wp:attachment":[{"href":"https:\/\/www.radiosanctispiritus.cu\/es\/wp-json\/wp\/v2\/media?parent=64169"}],"wp:term":[{"taxonomy":"category","embeddable":true,"href":"https:\/\/www.radiosanctispiritus.cu\/es\/wp-json\/wp\/v2\/categories?post=64169"},{"taxonomy":"post_tag","embeddable":true,"href":"https:\/\/www.radiosanctispiritus.cu\/es\/wp-json\/wp\/v2\/tags?post=64169"},{"taxonomy":"author","embeddable":true,"href":"https:\/\/www.radiosanctispiritus.cu\/es\/wp-json\/wp\/v2\/coauthors?post=64169"}],"curies":[{"name":"wp","href":"https:\/\/api.w.org\/{rel}","templated":true}]}}